{"id":976,"date":"2015-01-15T11:06:01","date_gmt":"2015-01-15T10:06:01","guid":{"rendered":"http:\/\/www.oo.ljubljana.sviz.si\/?p=976"},"modified":"2015-04-03T09:59:13","modified_gmt":"2015-04-03T08:59:13","slug":"pregled-sestankov-sindikalnih-konferenc-obmocnega-odbora-sviz-ljubljane-in-okolice","status":"publish","type":"post","link":"https:\/\/www.oo.ljubljana.sviz.si\/?p=976","title":{"rendered":"Pregled sestankov sindikalnih konferenc Obmo\u010dnega odbora SVIZ Ljubljane in okolice"},"content":{"rendered":"<p>V januarju bodo potekali sestanki obmo\u010dnih sindikalnih konferenc, kjer bodo sindikalni zaupniki seznanjeni z aktualnim dogajanjem, predstavili pa bodo tudi problematiko, s katero se ukvarjajo na posameznih zavodih.<b><\/b><\/p>\n<table border=\"0\" cellspacing=\"0\" cellpadding=\"0\">\n<tbody>\n<tr>\n<td valign=\"top\" width=\"284\">kdo<\/td>\n<td valign=\"top\" width=\"220\">kdaj<\/td>\n<td valign=\"top\" width=\"252\">kje<\/td>\n<\/tr>\n<tr>\n<td width=\"284\">SK O\u0160 in zavodov za otroke in mladostnike s posebnimi potrebami<\/td>\n<td width=\"220\">20. 1. 2015 ob 13.30<\/td>\n<td width=\"252\">Sejna soba na Boben\u010dkovi 14<\/td>\n<\/tr>\n<tr>\n<td width=\"284\">SK srednjih \u0161ol in dija\u0161kih domov<\/td>\n<td width=\"220\">22. 1. 2015 ob 13.30<\/td>\n<td width=\"252\">Sejna dvorana na Ora\u017enovi 3<\/td>\n<\/tr>\n<tr>\n<td width=\"284\">SK pred\u0161olske vzgoje<\/td>\n<td width=\"220\">27. 1. 2015 ob 13.30<\/td>\n<td width=\"252\">Sejna dvorana na Ora\u017enovi 3<\/td>\n<\/tr>\n<tr>\n<td width=\"284\">SK osnovnih in glasbenih \u0161ol ter zavodov za izobra\u017eevanje odraslih<\/td>\n<td width=\"220\">Seminar v okviru izobra\u017eevanja sindikalnih zaupnikov<\/td>\n<td width=\"252\"><\/td>\n<\/tr>\n<tr>\n<td width=\"284\">Sestanek za ustanovitev SK visokega \u0161olstva in znanosti<\/td>\n<td width=\"220\">29. 1. 2015 ob 13.30<\/td>\n<td width=\"252\">Sejna dvorana na Ora\u017enovi 3<\/td>\n<\/tr>\n<\/tbody>\n<\/table>\n<p>&nbsp;<\/p>\n<p>&nbsp;<\/p>\n<p>Tajni\u0161tvo SVIZ OO Ljubljane<\/p>\n","protected":false},"excerpt":{"rendered":"<p>V januarju bodo potekali sestanki obmo\u010dnih sindikalnih konferenc, kjer bodo sindikalni zaupniki seznanjeni z aktualnim dogajanjem, predstavili pa bodo tudi problematiko, s katero se ukvarjajo na posameznih zavodih. kdo kdaj kje SK O\u0160 in zavodov za otroke in mladostnike s posebnimi potrebami 20. 1. 2015 ob 13.30 Sejna soba na Boben\u010dkovi 14 SK srednjih \u0161ol &hellip; <\/p>\n<p><a class=\"more-link btn\" href=\"https:\/\/www.oo.ljubljana.sviz.si\/?p=976\">Continue reading<\/a><\/p>\n","protected":false},"author":3,"featured_media":0,"comment_status":"open","ping_status":"open","sticky":false,"template":"","format":"standard","meta":{"footnotes":""},"categories":[7],"tags":[],"class_list":["post-976","post","type-post","status-publish","format-standard","hentry","category-izpostavljeno","item-wrap"],"aioseo_notices":[],"_links":{"self":[{"href":"https:\/\/www.oo.ljubljana.sviz.si\/index.php?rest_route=\/wp\/v2\/posts\/976","targetHints":{"allow":["GET"]}}],"collection":[{"href":"https:\/\/www.oo.ljubljana.sviz.si\/index.php?rest_route=\/wp\/v2\/posts"}],"about":[{"href":"https:\/\/www.oo.ljubljana.sviz.si\/index.php?rest_route=\/wp\/v2\/types\/post"}],"author":[{"embeddable":true,"href":"https:\/\/www.oo.ljubljana.sviz.si\/index.php?rest_route=\/wp\/v2\/users\/3"}],"replies":[{"embeddable":true,"href":"https:\/\/www.oo.ljubljana.sviz.si\/index.php?rest_route=%2Fwp%2Fv2%2Fcomments&post=976"}],"version-history":[{"count":5,"href":"https:\/\/www.oo.ljubljana.sviz.si\/index.php?rest_route=\/wp\/v2\/posts\/976\/revisions"}],"predecessor-version":[{"id":985,"href":"https:\/\/www.oo.ljubljana.sviz.si\/index.php?rest_route=\/wp\/v2\/posts\/976\/revisions\/985"}],"wp:attachment":[{"href":"https:\/\/www.oo.ljubljana.sviz.si\/index.php?rest_route=%2Fwp%2Fv2%2Fmedia&parent=976"}],"wp:term":[{"taxonomy":"category","embeddable":true,"href":"https:\/\/www.oo.ljubljana.sviz.si\/index.php?rest_route=%2Fwp%2Fv2%2Fcategories&post=976"},{"taxonomy":"post_tag","embeddable":true,"href":"https:\/\/www.oo.ljubljana.sviz.si\/index.php?rest_route=%2Fwp%2Fv2%2Ftags&post=976"}],"curies":[{"name":"wp","href":"https:\/\/api.w.org\/{rel}","templated":true}]}}