{"id":973,"date":"2015-01-15T09:29:39","date_gmt":"2015-01-15T08:29:39","guid":{"rendered":"http:\/\/www.oo.ljubljana.sviz.si\/?p=973"},"modified":"2015-04-03T09:59:52","modified_gmt":"2015-04-03T08:59:52","slug":"sviz-mladi","status":"publish","type":"post","link":"https:\/\/www.oo.ljubljana.sviz.si\/?p=973","title":{"rendered":"SVIZ mladi"},"content":{"rendered":"<p>Spo\u0161tovane \u010dlanice, spo\u0161tovani \u010dlani SVIZ,<\/p>\n<p>&nbsp;<\/p>\n<p>izvoljeni predstavniki mladih smo v okviru SVIZ-a v \u010detrtek, 8.1.2015, ustanovili aktiv mladih, ki se bo ukvarjal in re\u0161eval problematiko mladih na razli\u010dnih podro\u010djih, na katere lahko sindikat vpliva: zaposlovanja, napredovanja, pogoji dela,&#8230;<\/p>\n<p>&nbsp;<\/p>\n<p>Za za\u010detek smo dolo\u010dili 4 splo\u0161na podro\u010dja problematike mladih, ki jih bodo obravnavali:<\/p>\n<p>&nbsp;<\/p>\n<p>&#8211; problematika v vrtcih,<\/p>\n<p>&#8211; problematika v osnovnih \u0161olah,<\/p>\n<p>&#8211; problematika v srednjih \u0161olah,<\/p>\n<p>&#8211; problematika v kulturi, visokem \u0161olstvu in znanosti.<\/p>\n<p>&nbsp;<\/p>\n<p>Vabimo vse, ki bi \u017eeleli sodelovati v aktivu, da do petka, 23.1.2015 na e-naslov <a href=\"mailto:bostjan.crnic@ijs.si\" target=\"_blank\">bostjan.crnic@ijs.si<\/a> po\u0161ljete va\u0161a sporo\u010dila o problematiki, ki ste jo zaznali oz. bi jo \u017eeleli re\u0161iti. Datum je zgolj orientacijski, saj lahko o problematiki sporo\u010dite kadarkoli, le \u010dimprej \u017eelimo pristopiti k re\u0161evanju te\u017eav mladih, ki se kopi\u010dijo \u017ee predolgo.<\/p>\n<p>&nbsp;<\/p>\n<p>Bo\u0161tjan \u010crni\u010d, predstavnik aktiva mladih na OO Ljubljane in okolice<\/p>\n<p>&nbsp;<\/p>\n<p>&nbsp;<\/p>\n","protected":false},"excerpt":{"rendered":"<p>Spo\u0161tovane \u010dlanice, spo\u0161tovani \u010dlani SVIZ, &nbsp; izvoljeni predstavniki mladih smo v okviru SVIZ-a v \u010detrtek, 8.1.2015, ustanovili aktiv mladih, ki se bo ukvarjal in re\u0161eval problematiko mladih na razli\u010dnih podro\u010djih, na katere lahko sindikat vpliva: zaposlovanja, napredovanja, pogoji dela,&#8230; &nbsp; Za za\u010detek smo dolo\u010dili 4 splo\u0161na podro\u010dja problematike mladih, ki jih bodo obravnavali: &nbsp; &#8211; &hellip; <\/p>\n<p><a class=\"more-link btn\" href=\"https:\/\/www.oo.ljubljana.sviz.si\/?p=973\">Continue reading<\/a><\/p>\n","protected":false},"author":3,"featured_media":0,"comment_status":"open","ping_status":"open","sticky":false,"template":"","format":"standard","meta":{"footnotes":""},"categories":[7],"tags":[],"class_list":["post-973","post","type-post","status-publish","format-standard","hentry","category-izpostavljeno","item-wrap"],"aioseo_notices":[],"_links":{"self":[{"href":"https:\/\/www.oo.ljubljana.sviz.si\/index.php?rest_route=\/wp\/v2\/posts\/973","targetHints":{"allow":["GET"]}}],"collection":[{"href":"https:\/\/www.oo.ljubljana.sviz.si\/index.php?rest_route=\/wp\/v2\/posts"}],"about":[{"href":"https:\/\/www.oo.ljubljana.sviz.si\/index.php?rest_route=\/wp\/v2\/types\/post"}],"author":[{"embeddable":true,"href":"https:\/\/www.oo.ljubljana.sviz.si\/index.php?rest_route=\/wp\/v2\/users\/3"}],"replies":[{"embeddable":true,"href":"https:\/\/www.oo.ljubljana.sviz.si\/index.php?rest_route=%2Fwp%2Fv2%2Fcomments&post=973"}],"version-history":[{"count":3,"href":"https:\/\/www.oo.ljubljana.sviz.si\/index.php?rest_route=\/wp\/v2\/posts\/973\/revisions"}],"predecessor-version":[{"id":984,"href":"https:\/\/www.oo.ljubljana.sviz.si\/index.php?rest_route=\/wp\/v2\/posts\/973\/revisions\/984"}],"wp:attachment":[{"href":"https:\/\/www.oo.ljubljana.sviz.si\/index.php?rest_route=%2Fwp%2Fv2%2Fmedia&parent=973"}],"wp:term":[{"taxonomy":"category","embeddable":true,"href":"https:\/\/www.oo.ljubljana.sviz.si\/index.php?rest_route=%2Fwp%2Fv2%2Fcategories&post=973"},{"taxonomy":"post_tag","embeddable":true,"href":"https:\/\/www.oo.ljubljana.sviz.si\/index.php?rest_route=%2Fwp%2Fv2%2Ftags&post=973"}],"curies":[{"name":"wp","href":"https:\/\/api.w.org\/{rel}","templated":true}]}}