{"id":920,"date":"2014-11-13T14:52:47","date_gmt":"2014-11-13T13:52:47","guid":{"rendered":"http:\/\/www.oo.ljubljana.sviz.si\/?p=920"},"modified":"2014-12-24T14:04:46","modified_gmt":"2014-12-24T13:04:46","slug":"avtobusni-prevoz-9-kongres-sviz-slovenije","status":"publish","type":"post","link":"https:\/\/www.oo.ljubljana.sviz.si\/?p=920","title":{"rendered":"Avtobusni prevoz &#8211; 9. KONGRES SVIZ Slovenije"},"content":{"rendered":"<p>Spo\u0161tovani.<\/p>\n<p>&nbsp;<\/p>\n<p>Vse imenovane delegate za 9. Kongres SVIZ Slovenije, ki ste se odlo\u010dili za organiziran avtobusni prevoz iz Ljubljane, obve\u0161\u010damo, da bo odhod avtobusa proti Bledu<\/p>\n<p><span style=\"color: #3366ff;\">v \u010detrtek, 20. novembra 2014, <b>ob 9.00 uri<\/b>, s parkiri\u0161\u010da pri Dolgem mostu v Ljubljani.<\/span><\/p>\n<p>&nbsp;<\/p>\n<p>Prosimo vas, da pridete pravo\u010dasno, ker bo odhod avtobusa to\u010dno ob 9. uri.<\/p>\n<p>&nbsp;<\/p>\n<p>Lep pozdrav.<\/p>\n<p>Tajni\u0161tvo SVIZ OO Lj. in okolice<\/p>\n","protected":false},"excerpt":{"rendered":"<p>Spo\u0161tovani. &nbsp; Vse imenovane delegate za 9. Kongres SVIZ Slovenije, ki ste se odlo\u010dili za organiziran avtobusni prevoz iz Ljubljane, obve\u0161\u010damo, da bo odhod avtobusa proti Bledu v \u010detrtek, 20. novembra 2014, ob 9.00 uri, s parkiri\u0161\u010da pri Dolgem mostu v Ljubljani. &nbsp; Prosimo vas, da pridete pravo\u010dasno, ker bo odhod avtobusa to\u010dno ob 9. &hellip; <\/p>\n<p><a class=\"more-link btn\" href=\"https:\/\/www.oo.ljubljana.sviz.si\/?p=920\">Continue reading<\/a><\/p>\n","protected":false},"author":3,"featured_media":0,"comment_status":"open","ping_status":"open","sticky":false,"template":"","format":"standard","meta":{"footnotes":""},"categories":[7],"tags":[56,55],"class_list":["post-920","post","type-post","status-publish","format-standard","hentry","category-izpostavljeno","tag-delegati","tag-kongres-sviz","item-wrap"],"aioseo_notices":[],"_links":{"self":[{"href":"https:\/\/www.oo.ljubljana.sviz.si\/index.php?rest_route=\/wp\/v2\/posts\/920","targetHints":{"allow":["GET"]}}],"collection":[{"href":"https:\/\/www.oo.ljubljana.sviz.si\/index.php?rest_route=\/wp\/v2\/posts"}],"about":[{"href":"https:\/\/www.oo.ljubljana.sviz.si\/index.php?rest_route=\/wp\/v2\/types\/post"}],"author":[{"embeddable":true,"href":"https:\/\/www.oo.ljubljana.sviz.si\/index.php?rest_route=\/wp\/v2\/users\/3"}],"replies":[{"embeddable":true,"href":"https:\/\/www.oo.ljubljana.sviz.si\/index.php?rest_route=%2Fwp%2Fv2%2Fcomments&post=920"}],"version-history":[{"count":2,"href":"https:\/\/www.oo.ljubljana.sviz.si\/index.php?rest_route=\/wp\/v2\/posts\/920\/revisions"}],"predecessor-version":[{"id":923,"href":"https:\/\/www.oo.ljubljana.sviz.si\/index.php?rest_route=\/wp\/v2\/posts\/920\/revisions\/923"}],"wp:attachment":[{"href":"https:\/\/www.oo.ljubljana.sviz.si\/index.php?rest_route=%2Fwp%2Fv2%2Fmedia&parent=920"}],"wp:term":[{"taxonomy":"category","embeddable":true,"href":"https:\/\/www.oo.ljubljana.sviz.si\/index.php?rest_route=%2Fwp%2Fv2%2Fcategories&post=920"},{"taxonomy":"post_tag","embeddable":true,"href":"https:\/\/www.oo.ljubljana.sviz.si\/index.php?rest_route=%2Fwp%2Fv2%2Ftags&post=920"}],"curies":[{"name":"wp","href":"https:\/\/api.w.org\/{rel}","templated":true}]}}