{"id":2298,"date":"2025-12-15T12:16:46","date_gmt":"2025-12-15T11:16:46","guid":{"rendered":"https:\/\/www.oo.ljubljana.sviz.si\/?p=2298"},"modified":"2026-02-13T10:00:18","modified_gmt":"2026-02-13T09:00:18","slug":"11-svizov-veleslalom-24-januar-2026","status":"publish","type":"post","link":"https:\/\/www.oo.ljubljana.sviz.si\/?p=2298","title":{"rendered":"11. SVIZov VELESLALOM &#8211; 24. januar 2026"},"content":{"rendered":"\n<p><strong>Kdaj in kje<\/strong>: sobota, 24. januar 2026, smu\u010di\u0161\u010de Jakec Trije Kralji na Pohorju<\/p>\n\n\n\n<p>Podrobnej\u0161e informacije dobite pri sindikalnemu zaupniku v va\u0161em zavodu.<\/p>\n\n\n<div class=\"wp-block-image\">\n<figure class=\"aligncenter size-full\"><a href=\"https:\/\/www.oo.ljubljana.sviz.si\/wpfolder\/wp-content\/uploads\/2025\/12\/Gemini_Generated_Image_xikxhbxikxhbxikx.png\"><img loading=\"lazy\" decoding=\"async\" width=\"1024\" height=\"1024\" src=\"https:\/\/www.oo.ljubljana.sviz.si\/wpfolder\/wp-content\/uploads\/2025\/12\/Gemini_Generated_Image_xikxhbxikxhbxikx.png\" alt=\"\" class=\"wp-image-2299\" srcset=\"https:\/\/www.oo.ljubljana.sviz.si\/wpfolder\/wp-content\/uploads\/2025\/12\/Gemini_Generated_Image_xikxhbxikxhbxikx.png 1024w, https:\/\/www.oo.ljubljana.sviz.si\/wpfolder\/wp-content\/uploads\/2025\/12\/Gemini_Generated_Image_xikxhbxikxhbxikx-300x300.png 300w, https:\/\/www.oo.ljubljana.sviz.si\/wpfolder\/wp-content\/uploads\/2025\/12\/Gemini_Generated_Image_xikxhbxikxhbxikx-150x150.png 150w, https:\/\/www.oo.ljubljana.sviz.si\/wpfolder\/wp-content\/uploads\/2025\/12\/Gemini_Generated_Image_xikxhbxikxhbxikx-768x768.png 768w, https:\/\/www.oo.ljubljana.sviz.si\/wpfolder\/wp-content\/uploads\/2025\/12\/Gemini_Generated_Image_xikxhbxikxhbxikx-750x750.png 750w\" sizes=\"auto, (max-width: 1024px) 100vw, 1024px\" \/><\/a><\/figure>\n<\/div>","protected":false},"excerpt":{"rendered":"<p>Kdaj in kje: sobota, 24. januar 2026, smu\u010di\u0161\u010de Jakec Trije Kralji na Pohorju Podrobnej\u0161e informacije dobite pri sindikalnemu zaupniku v va\u0161em zavodu.<\/p>\n","protected":false},"author":1,"featured_media":0,"comment_status":"open","ping_status":"open","sticky":false,"template":"","format":"standard","meta":{"footnotes":""},"categories":[7],"tags":[105],"class_list":["post-2298","post","type-post","status-publish","format-standard","hentry","category-izpostavljeno","tag-svizov-veleslalom","item-wrap"],"aioseo_notices":[],"_links":{"self":[{"href":"https:\/\/www.oo.ljubljana.sviz.si\/index.php?rest_route=\/wp\/v2\/posts\/2298","targetHints":{"allow":["GET"]}}],"collection":[{"href":"https:\/\/www.oo.ljubljana.sviz.si\/index.php?rest_route=\/wp\/v2\/posts"}],"about":[{"href":"https:\/\/www.oo.ljubljana.sviz.si\/index.php?rest_route=\/wp\/v2\/types\/post"}],"author":[{"embeddable":true,"href":"https:\/\/www.oo.ljubljana.sviz.si\/index.php?rest_route=\/wp\/v2\/users\/1"}],"replies":[{"embeddable":true,"href":"https:\/\/www.oo.ljubljana.sviz.si\/index.php?rest_route=%2Fwp%2Fv2%2Fcomments&post=2298"}],"version-history":[{"count":1,"href":"https:\/\/www.oo.ljubljana.sviz.si\/index.php?rest_route=\/wp\/v2\/posts\/2298\/revisions"}],"predecessor-version":[{"id":2300,"href":"https:\/\/www.oo.ljubljana.sviz.si\/index.php?rest_route=\/wp\/v2\/posts\/2298\/revisions\/2300"}],"wp:attachment":[{"href":"https:\/\/www.oo.ljubljana.sviz.si\/index.php?rest_route=%2Fwp%2Fv2%2Fmedia&parent=2298"}],"wp:term":[{"taxonomy":"category","embeddable":true,"href":"https:\/\/www.oo.ljubljana.sviz.si\/index.php?rest_route=%2Fwp%2Fv2%2Fcategories&post=2298"},{"taxonomy":"post_tag","embeddable":true,"href":"https:\/\/www.oo.ljubljana.sviz.si\/index.php?rest_route=%2Fwp%2Fv2%2Ftags&post=2298"}],"curies":[{"name":"wp","href":"https:\/\/api.w.org\/{rel}","templated":true}]}}