{"id":2240,"date":"2025-01-29T12:06:08","date_gmt":"2025-01-29T11:06:08","guid":{"rendered":"https:\/\/www.oo.ljubljana.sviz.si\/?p=2240"},"modified":"2025-01-29T12:13:34","modified_gmt":"2025-01-29T11:13:34","slug":"uspesen-nastop-ekipe-oo-ljubljane-in-okolice-na-10-svizovem-prvenstvu-v-veleslalomu","status":"publish","type":"post","link":"https:\/\/www.oo.ljubljana.sviz.si\/?p=2240","title":{"rendered":"Uspe\u0161en\u00a0nastop ekipe OO Ljubljane in okolice na 10. Svizovem prvenstvu v veleslalomu"},"content":{"rendered":"<div class=\"wp-block-image\">\n<figure class=\"aligncenter size-large\"><a href=\"https:\/\/www.oo.ljubljana.sviz.si\/wpfolder\/wp-content\/uploads\/2025\/01\/slika6.jpg\"><img loading=\"lazy\" decoding=\"async\" width=\"1024\" height=\"768\" src=\"https:\/\/www.oo.ljubljana.sviz.si\/wpfolder\/wp-content\/uploads\/2025\/01\/slika6-1024x768.jpg\" alt=\"\" class=\"wp-image-2239\" srcset=\"https:\/\/www.oo.ljubljana.sviz.si\/wpfolder\/wp-content\/uploads\/2025\/01\/slika6-1024x768.jpg 1024w, https:\/\/www.oo.ljubljana.sviz.si\/wpfolder\/wp-content\/uploads\/2025\/01\/slika6-300x225.jpg 300w, https:\/\/www.oo.ljubljana.sviz.si\/wpfolder\/wp-content\/uploads\/2025\/01\/slika6-768x576.jpg 768w, https:\/\/www.oo.ljubljana.sviz.si\/wpfolder\/wp-content\/uploads\/2025\/01\/slika6-1536x1152.jpg 1536w, https:\/\/www.oo.ljubljana.sviz.si\/wpfolder\/wp-content\/uploads\/2025\/01\/slika6-750x563.jpg 750w, https:\/\/www.oo.ljubljana.sviz.si\/wpfolder\/wp-content\/uploads\/2025\/01\/slika6.jpg 2016w\" sizes=\"auto, (max-width: 1024px) 100vw, 1024px\" \/><\/a><\/figure>\n<\/div>\n\n\n<p class=\"has-black-color has-text-color has-link-color wp-elements-cebe2715b7314468767a1a89d08efa0f\">Na jubilejnem, 10. Svizovem prvenstvu v veleslalomu je ekipa smu\u010dark in smu\u010darjev OO Ljubljane nastopila zelo uspe\u0161no, saj so v skupnem se\u0161tevku osvojili odli\u010dno 2. mesto, k \u010demur je z uspe\u0161no vo\u017enjo med koli\u010dki prispeval vsak izmed njih, ob prihodu v cilj pa so jih z glasnim navijanjem vzpodbujali tudi navija\u010di.<\/p>\n\n\n\n<p class=\"has-black-color has-text-color has-link-color wp-elements-f050e8c3c8bfe0fd5608118c4a3b2d08\">\u010cestitke vsem tekmovalkam in tekmovalcem, posamezniki pa so v svojih kategorijah dosegli tudi stopni\u010dke, za kar jim \u0161e posebej \u010destitamo!<\/p>\n\n\n\n<p class=\"has-black-color has-text-color has-link-color wp-elements-3360e7a6d6ad8e6ac505ea99a15021d6\">Hvala vsem udele\u017eenkam in udele\u017eencem, ki so s svojo dobro voljo prispevali k odli\u010dnemu vzdu\u0161ju, saj smo pre\u017eiveli lep son\u010den dan v \u010dudovitem zimskem ambientu na Golteh.<\/p>\n\n\n\n<p class=\"has-black-color has-text-color has-link-color wp-elements-9ac00cf961d1ea846fe5a532228b76c6\"><\/p>\n\n\n<div class=\"wp-block-image\">\n<figure class=\"aligncenter size-large\"><a href=\"https:\/\/www.oo.ljubljana.sviz.si\/wpfolder\/wp-content\/uploads\/2025\/01\/slika5.jpg\"><img loading=\"lazy\" decoding=\"async\" width=\"1024\" height=\"768\" src=\"https:\/\/www.oo.ljubljana.sviz.si\/wpfolder\/wp-content\/uploads\/2025\/01\/slika5-1024x768.jpg\" alt=\"\" class=\"wp-image-2238\" srcset=\"https:\/\/www.oo.ljubljana.sviz.si\/wpfolder\/wp-content\/uploads\/2025\/01\/slika5-1024x768.jpg 1024w, https:\/\/www.oo.ljubljana.sviz.si\/wpfolder\/wp-content\/uploads\/2025\/01\/slika5-300x225.jpg 300w, https:\/\/www.oo.ljubljana.sviz.si\/wpfolder\/wp-content\/uploads\/2025\/01\/slika5-768x576.jpg 768w, https:\/\/www.oo.ljubljana.sviz.si\/wpfolder\/wp-content\/uploads\/2025\/01\/slika5-1536x1152.jpg 1536w, https:\/\/www.oo.ljubljana.sviz.si\/wpfolder\/wp-content\/uploads\/2025\/01\/slika5-750x563.jpg 750w, https:\/\/www.oo.ljubljana.sviz.si\/wpfolder\/wp-content\/uploads\/2025\/01\/slika5.jpg 2016w\" sizes=\"auto, (max-width: 1024px) 100vw, 1024px\" \/><\/a><\/figure>\n<\/div>\n\n<div class=\"wp-block-image\">\n<figure class=\"aligncenter size-large\"><a href=\"https:\/\/www.oo.ljubljana.sviz.si\/wpfolder\/wp-content\/uploads\/2025\/01\/slika4.jpg\"><img loading=\"lazy\" decoding=\"async\" width=\"1024\" height=\"768\" src=\"https:\/\/www.oo.ljubljana.sviz.si\/wpfolder\/wp-content\/uploads\/2025\/01\/slika4-1024x768.jpg\" alt=\"\" class=\"wp-image-2237\" srcset=\"https:\/\/www.oo.ljubljana.sviz.si\/wpfolder\/wp-content\/uploads\/2025\/01\/slika4-1024x768.jpg 1024w, https:\/\/www.oo.ljubljana.sviz.si\/wpfolder\/wp-content\/uploads\/2025\/01\/slika4-300x225.jpg 300w, https:\/\/www.oo.ljubljana.sviz.si\/wpfolder\/wp-content\/uploads\/2025\/01\/slika4-768x576.jpg 768w, https:\/\/www.oo.ljubljana.sviz.si\/wpfolder\/wp-content\/uploads\/2025\/01\/slika4-1536x1152.jpg 1536w, https:\/\/www.oo.ljubljana.sviz.si\/wpfolder\/wp-content\/uploads\/2025\/01\/slika4-750x563.jpg 750w, https:\/\/www.oo.ljubljana.sviz.si\/wpfolder\/wp-content\/uploads\/2025\/01\/slika4.jpg 2016w\" sizes=\"auto, (max-width: 1024px) 100vw, 1024px\" \/><\/a><\/figure>\n<\/div>\n\n<div class=\"wp-block-image\">\n<figure class=\"aligncenter size-large\"><a href=\"https:\/\/www.oo.ljubljana.sviz.si\/wpfolder\/wp-content\/uploads\/2025\/01\/slika3.jpg\"><img loading=\"lazy\" decoding=\"async\" width=\"1024\" height=\"768\" src=\"https:\/\/www.oo.ljubljana.sviz.si\/wpfolder\/wp-content\/uploads\/2025\/01\/slika3-1024x768.jpg\" alt=\"\" class=\"wp-image-2236\" srcset=\"https:\/\/www.oo.ljubljana.sviz.si\/wpfolder\/wp-content\/uploads\/2025\/01\/slika3-1024x768.jpg 1024w, https:\/\/www.oo.ljubljana.sviz.si\/wpfolder\/wp-content\/uploads\/2025\/01\/slika3-300x225.jpg 300w, https:\/\/www.oo.ljubljana.sviz.si\/wpfolder\/wp-content\/uploads\/2025\/01\/slika3-768x576.jpg 768w, https:\/\/www.oo.ljubljana.sviz.si\/wpfolder\/wp-content\/uploads\/2025\/01\/slika3-1536x1152.jpg 1536w, https:\/\/www.oo.ljubljana.sviz.si\/wpfolder\/wp-content\/uploads\/2025\/01\/slika3-750x563.jpg 750w, https:\/\/www.oo.ljubljana.sviz.si\/wpfolder\/wp-content\/uploads\/2025\/01\/slika3.jpg 2016w\" sizes=\"auto, (max-width: 1024px) 100vw, 1024px\" \/><\/a><\/figure>\n<\/div>\n\n<div class=\"wp-block-image\">\n<figure class=\"aligncenter size-large\"><a href=\"https:\/\/www.oo.ljubljana.sviz.si\/wpfolder\/wp-content\/uploads\/2025\/01\/slika2.jpg\"><img loading=\"lazy\" decoding=\"async\" width=\"1024\" height=\"768\" src=\"https:\/\/www.oo.ljubljana.sviz.si\/wpfolder\/wp-content\/uploads\/2025\/01\/slika2-1024x768.jpg\" alt=\"\" class=\"wp-image-2235\" srcset=\"https:\/\/www.oo.ljubljana.sviz.si\/wpfolder\/wp-content\/uploads\/2025\/01\/slika2-1024x768.jpg 1024w, https:\/\/www.oo.ljubljana.sviz.si\/wpfolder\/wp-content\/uploads\/2025\/01\/slika2-300x225.jpg 300w, https:\/\/www.oo.ljubljana.sviz.si\/wpfolder\/wp-content\/uploads\/2025\/01\/slika2-768x576.jpg 768w, https:\/\/www.oo.ljubljana.sviz.si\/wpfolder\/wp-content\/uploads\/2025\/01\/slika2-1536x1152.jpg 1536w, https:\/\/www.oo.ljubljana.sviz.si\/wpfolder\/wp-content\/uploads\/2025\/01\/slika2-750x563.jpg 750w, https:\/\/www.oo.ljubljana.sviz.si\/wpfolder\/wp-content\/uploads\/2025\/01\/slika2.jpg 2016w\" sizes=\"auto, (max-width: 1024px) 100vw, 1024px\" \/><\/a><\/figure>\n<\/div>\n\n\n<figure class=\"wp-block-image size-large\"><a href=\"https:\/\/www.oo.ljubljana.sviz.si\/wpfolder\/wp-content\/uploads\/2025\/01\/slika1.jpg\"><img loading=\"lazy\" decoding=\"async\" width=\"1024\" height=\"768\" src=\"https:\/\/www.oo.ljubljana.sviz.si\/wpfolder\/wp-content\/uploads\/2025\/01\/slika1-1024x768.jpg\" alt=\"\" class=\"wp-image-2234\" srcset=\"https:\/\/www.oo.ljubljana.sviz.si\/wpfolder\/wp-content\/uploads\/2025\/01\/slika1-1024x768.jpg 1024w, https:\/\/www.oo.ljubljana.sviz.si\/wpfolder\/wp-content\/uploads\/2025\/01\/slika1-300x225.jpg 300w, https:\/\/www.oo.ljubljana.sviz.si\/wpfolder\/wp-content\/uploads\/2025\/01\/slika1-768x576.jpg 768w, https:\/\/www.oo.ljubljana.sviz.si\/wpfolder\/wp-content\/uploads\/2025\/01\/slika1-1536x1152.jpg 1536w, https:\/\/www.oo.ljubljana.sviz.si\/wpfolder\/wp-content\/uploads\/2025\/01\/slika1-750x563.jpg 750w, https:\/\/www.oo.ljubljana.sviz.si\/wpfolder\/wp-content\/uploads\/2025\/01\/slika1.jpg 2016w\" sizes=\"auto, (max-width: 1024px) 100vw, 1024px\" \/><\/a><\/figure>\n\n\n<div class=\"wp-block-image\">\n<figure class=\"aligncenter size-large\"><a href=\"https:\/\/www.oo.ljubljana.sviz.si\/wpfolder\/wp-content\/uploads\/2025\/01\/proga-rotated.jpg\"><img loading=\"lazy\" decoding=\"async\" width=\"768\" height=\"1024\" src=\"https:\/\/www.oo.ljubljana.sviz.si\/wpfolder\/wp-content\/uploads\/2025\/01\/proga-768x1024.jpg\" alt=\"\" class=\"wp-image-2233\" srcset=\"https:\/\/www.oo.ljubljana.sviz.si\/wpfolder\/wp-content\/uploads\/2025\/01\/proga-768x1024.jpg 768w, https:\/\/www.oo.ljubljana.sviz.si\/wpfolder\/wp-content\/uploads\/2025\/01\/proga-225x300.jpg 225w, https:\/\/www.oo.ljubljana.sviz.si\/wpfolder\/wp-content\/uploads\/2025\/01\/proga-1152x1536.jpg 1152w, https:\/\/www.oo.ljubljana.sviz.si\/wpfolder\/wp-content\/uploads\/2025\/01\/proga-750x1000.jpg 750w, https:\/\/www.oo.ljubljana.sviz.si\/wpfolder\/wp-content\/uploads\/2025\/01\/proga-rotated.jpg 1512w\" sizes=\"auto, (max-width: 768px) 100vw, 768px\" \/><\/a><\/figure>\n<\/div>","protected":false},"excerpt":{"rendered":"<p>Na jubilejnem, 10. Svizovem prvenstvu v veleslalomu je ekipa smu\u010dark in smu\u010darjev OO Ljubljane nastopila zelo uspe\u0161no, saj so v skupnem se\u0161tevku osvojili odli\u010dno 2. mesto, k \u010demur je z uspe\u0161no vo\u017enjo med koli\u010dki prispeval vsak izmed njih, ob prihodu v cilj pa so jih z glasnim navijanjem vzpodbujali tudi navija\u010di. \u010cestitke vsem tekmovalkam in &hellip; <\/p>\n<p><a class=\"more-link btn\" href=\"https:\/\/www.oo.ljubljana.sviz.si\/?p=2240\">Continue reading<\/a><\/p>\n","protected":false},"author":1,"featured_media":0,"comment_status":"open","ping_status":"open","sticky":false,"template":"","format":"standard","meta":{"footnotes":""},"categories":[7],"tags":[83],"class_list":["post-2240","post","type-post","status-publish","format-standard","hentry","category-izpostavljeno","tag-veleslalom","item-wrap"],"aioseo_notices":[],"_links":{"self":[{"href":"https:\/\/www.oo.ljubljana.sviz.si\/index.php?rest_route=\/wp\/v2\/posts\/2240","targetHints":{"allow":["GET"]}}],"collection":[{"href":"https:\/\/www.oo.ljubljana.sviz.si\/index.php?rest_route=\/wp\/v2\/posts"}],"about":[{"href":"https:\/\/www.oo.ljubljana.sviz.si\/index.php?rest_route=\/wp\/v2\/types\/post"}],"author":[{"embeddable":true,"href":"https:\/\/www.oo.ljubljana.sviz.si\/index.php?rest_route=\/wp\/v2\/users\/1"}],"replies":[{"embeddable":true,"href":"https:\/\/www.oo.ljubljana.sviz.si\/index.php?rest_route=%2Fwp%2Fv2%2Fcomments&post=2240"}],"version-history":[{"count":2,"href":"https:\/\/www.oo.ljubljana.sviz.si\/index.php?rest_route=\/wp\/v2\/posts\/2240\/revisions"}],"predecessor-version":[{"id":2242,"href":"https:\/\/www.oo.ljubljana.sviz.si\/index.php?rest_route=\/wp\/v2\/posts\/2240\/revisions\/2242"}],"wp:attachment":[{"href":"https:\/\/www.oo.ljubljana.sviz.si\/index.php?rest_route=%2Fwp%2Fv2%2Fmedia&parent=2240"}],"wp:term":[{"taxonomy":"category","embeddable":true,"href":"https:\/\/www.oo.ljubljana.sviz.si\/index.php?rest_route=%2Fwp%2Fv2%2Fcategories&post=2240"},{"taxonomy":"post_tag","embeddable":true,"href":"https:\/\/www.oo.ljubljana.sviz.si\/index.php?rest_route=%2Fwp%2Fv2%2Ftags&post=2240"}],"curies":[{"name":"wp","href":"https:\/\/api.w.org\/{rel}","templated":true}]}}