{"id":2065,"date":"2023-03-13T12:05:00","date_gmt":"2023-03-13T11:05:00","guid":{"rendered":"http:\/\/www.oo.ljubljana.sviz.si\/?p=2065"},"modified":"2023-05-05T08:49:11","modified_gmt":"2023-05-05T07:49:11","slug":"8-svizovo-prvenstvo-v-veleslalomu-na-golteh","status":"publish","type":"post","link":"https:\/\/www.oo.ljubljana.sviz.si\/?p=2065","title":{"rendered":"8. Svizovo prvenstvo v veleslalomu na Golteh"},"content":{"rendered":"\n<p>V soboto, 11. marca 2023, smo se z ekipo 38 tekmovalcev udele\u017eili \u017ee 8. Svizovega prvenstva v veleslalomu. Na\u0161e tekmovalke in tekmovalci so tudi tokrat nastopili izjemno uspe\u0161no in dosegli nekaj odli\u010dnih uspehov v posameznih kategorijah ter skupno drugo mesto med obmo\u010dnimi odbori.<\/p>\n\n\n\n<p>Vsem tekmovalkam in tekmovalcem \u010destitamo za odli\u010dne nastope, navija\u010dem&nbsp;pa zahvala za glasno navijanje. Spet smo pre\u017eiveli lep dan v prijetni dru\u017ebi, spro\u0161\u010denem klepetu in u\u017eivali tudi v son\u010dnem vremenu in zimski podobi smu\u010di\u0161\u010da&nbsp;na Golteh.<\/p>\n\n\n\n<p>(Na slikah so na\u0161e najuspe\u0161nej\u0161e tekmovalke in tekmovalci na zmagovalnih stopni\u010dkah.)<\/p>\n\n\n<div class=\"wp-block-image\">\n<figure class=\"aligncenter size-large is-resized\"><a href=\"https:\/\/www.oo.ljubljana.sviz.si\/wpfolder\/wp-content\/uploads\/2023\/03\/golte-proga-rotated.jpeg\"><img loading=\"lazy\" decoding=\"async\" src=\"https:\/\/www.oo.ljubljana.sviz.si\/wpfolder\/wp-content\/uploads\/2023\/03\/golte-proga-768x1024.jpeg\" alt=\"\" class=\"wp-image-2070\" width=\"768\" height=\"1024\" srcset=\"https:\/\/www.oo.ljubljana.sviz.si\/wpfolder\/wp-content\/uploads\/2023\/03\/golte-proga-768x1024.jpeg 768w, https:\/\/www.oo.ljubljana.sviz.si\/wpfolder\/wp-content\/uploads\/2023\/03\/golte-proga-225x300.jpeg 225w, https:\/\/www.oo.ljubljana.sviz.si\/wpfolder\/wp-content\/uploads\/2023\/03\/golte-proga-1152x1536.jpeg 1152w, https:\/\/www.oo.ljubljana.sviz.si\/wpfolder\/wp-content\/uploads\/2023\/03\/golte-proga-750x1000.jpeg 750w, https:\/\/www.oo.ljubljana.sviz.si\/wpfolder\/wp-content\/uploads\/2023\/03\/golte-proga-rotated.jpeg 1254w\" sizes=\"auto, (max-width: 768px) 100vw, 768px\" \/><\/a><\/figure>\n<\/div>\n\n<div class=\"wp-block-image\">\n<figure class=\"aligncenter size-large\"><a href=\"https:\/\/www.oo.ljubljana.sviz.si\/wpfolder\/wp-content\/uploads\/2023\/03\/golte-matjaz.jpeg\"><img loading=\"lazy\" decoding=\"async\" width=\"1024\" height=\"768\" src=\"https:\/\/www.oo.ljubljana.sviz.si\/wpfolder\/wp-content\/uploads\/2023\/03\/golte-matjaz-1024x768.jpeg\" alt=\"\" class=\"wp-image-2069\" srcset=\"https:\/\/www.oo.ljubljana.sviz.si\/wpfolder\/wp-content\/uploads\/2023\/03\/golte-matjaz-1024x768.jpeg 1024w, https:\/\/www.oo.ljubljana.sviz.si\/wpfolder\/wp-content\/uploads\/2023\/03\/golte-matjaz-300x225.jpeg 300w, https:\/\/www.oo.ljubljana.sviz.si\/wpfolder\/wp-content\/uploads\/2023\/03\/golte-matjaz-768x576.jpeg 768w, https:\/\/www.oo.ljubljana.sviz.si\/wpfolder\/wp-content\/uploads\/2023\/03\/golte-matjaz-1536x1152.jpeg 1536w, https:\/\/www.oo.ljubljana.sviz.si\/wpfolder\/wp-content\/uploads\/2023\/03\/golte-matjaz-750x563.jpeg 750w, https:\/\/www.oo.ljubljana.sviz.si\/wpfolder\/wp-content\/uploads\/2023\/03\/golte-matjaz.jpeg 1672w\" sizes=\"auto, (max-width: 1024px) 100vw, 1024px\" \/><\/a><\/figure>\n<\/div>\n\n<div class=\"wp-block-image\">\n<figure class=\"aligncenter size-large\"><a href=\"https:\/\/www.oo.ljubljana.sviz.si\/wpfolder\/wp-content\/uploads\/2023\/03\/golte-klemen.jpeg\"><img loading=\"lazy\" decoding=\"async\" width=\"1024\" height=\"768\" src=\"https:\/\/www.oo.ljubljana.sviz.si\/wpfolder\/wp-content\/uploads\/2023\/03\/golte-klemen-1024x768.jpeg\" alt=\"\" class=\"wp-image-2068\" srcset=\"https:\/\/www.oo.ljubljana.sviz.si\/wpfolder\/wp-content\/uploads\/2023\/03\/golte-klemen-1024x768.jpeg 1024w, https:\/\/www.oo.ljubljana.sviz.si\/wpfolder\/wp-content\/uploads\/2023\/03\/golte-klemen-300x225.jpeg 300w, https:\/\/www.oo.ljubljana.sviz.si\/wpfolder\/wp-content\/uploads\/2023\/03\/golte-klemen-768x576.jpeg 768w, https:\/\/www.oo.ljubljana.sviz.si\/wpfolder\/wp-content\/uploads\/2023\/03\/golte-klemen-1536x1152.jpeg 1536w, https:\/\/www.oo.ljubljana.sviz.si\/wpfolder\/wp-content\/uploads\/2023\/03\/golte-klemen-750x563.jpeg 750w, https:\/\/www.oo.ljubljana.sviz.si\/wpfolder\/wp-content\/uploads\/2023\/03\/golte-klemen.jpeg 1672w\" sizes=\"auto, (max-width: 1024px) 100vw, 1024px\" \/><\/a><\/figure>\n<\/div>\n\n<div class=\"wp-block-image\">\n<figure class=\"aligncenter size-large\"><a href=\"https:\/\/www.oo.ljubljana.sviz.si\/wpfolder\/wp-content\/uploads\/2023\/03\/golte-jure.jpeg\"><img loading=\"lazy\" decoding=\"async\" width=\"1024\" height=\"768\" src=\"https:\/\/www.oo.ljubljana.sviz.si\/wpfolder\/wp-content\/uploads\/2023\/03\/golte-jure-1024x768.jpeg\" alt=\"\" class=\"wp-image-2067\" srcset=\"https:\/\/www.oo.ljubljana.sviz.si\/wpfolder\/wp-content\/uploads\/2023\/03\/golte-jure-1024x768.jpeg 1024w, https:\/\/www.oo.ljubljana.sviz.si\/wpfolder\/wp-content\/uploads\/2023\/03\/golte-jure-300x225.jpeg 300w, https:\/\/www.oo.ljubljana.sviz.si\/wpfolder\/wp-content\/uploads\/2023\/03\/golte-jure-768x576.jpeg 768w, https:\/\/www.oo.ljubljana.sviz.si\/wpfolder\/wp-content\/uploads\/2023\/03\/golte-jure-1536x1152.jpeg 1536w, https:\/\/www.oo.ljubljana.sviz.si\/wpfolder\/wp-content\/uploads\/2023\/03\/golte-jure-750x563.jpeg 750w, https:\/\/www.oo.ljubljana.sviz.si\/wpfolder\/wp-content\/uploads\/2023\/03\/golte-jure.jpeg 1672w\" sizes=\"auto, (max-width: 1024px) 100vw, 1024px\" \/><\/a><\/figure>\n<\/div>\n\n<div class=\"wp-block-image\">\n<figure class=\"aligncenter size-large\"><a href=\"https:\/\/www.oo.ljubljana.sviz.si\/wpfolder\/wp-content\/uploads\/2023\/03\/golte-dame.jpeg\"><img loading=\"lazy\" decoding=\"async\" width=\"1024\" height=\"768\" src=\"https:\/\/www.oo.ljubljana.sviz.si\/wpfolder\/wp-content\/uploads\/2023\/03\/golte-dame-1024x768.jpeg\" alt=\"\" class=\"wp-image-2066\" srcset=\"https:\/\/www.oo.ljubljana.sviz.si\/wpfolder\/wp-content\/uploads\/2023\/03\/golte-dame-1024x768.jpeg 1024w, https:\/\/www.oo.ljubljana.sviz.si\/wpfolder\/wp-content\/uploads\/2023\/03\/golte-dame-300x225.jpeg 300w, https:\/\/www.oo.ljubljana.sviz.si\/wpfolder\/wp-content\/uploads\/2023\/03\/golte-dame-768x576.jpeg 768w, https:\/\/www.oo.ljubljana.sviz.si\/wpfolder\/wp-content\/uploads\/2023\/03\/golte-dame-1536x1152.jpeg 1536w, https:\/\/www.oo.ljubljana.sviz.si\/wpfolder\/wp-content\/uploads\/2023\/03\/golte-dame-750x563.jpeg 750w, https:\/\/www.oo.ljubljana.sviz.si\/wpfolder\/wp-content\/uploads\/2023\/03\/golte-dame.jpeg 1672w\" sizes=\"auto, (max-width: 1024px) 100vw, 1024px\" \/><\/a><\/figure>\n<\/div>","protected":false},"excerpt":{"rendered":"<p>V soboto, 11. marca 2023, smo se z ekipo 38 tekmovalcev udele\u017eili \u017ee 8. Svizovega prvenstva v veleslalomu. Na\u0161e tekmovalke in tekmovalci so tudi tokrat nastopili izjemno uspe\u0161no in dosegli nekaj odli\u010dnih uspehov v posameznih kategorijah ter skupno drugo mesto med obmo\u010dnimi odbori. Vsem tekmovalkam in tekmovalcem \u010destitamo za odli\u010dne nastope, navija\u010dem&nbsp;pa zahvala za glasno &hellip; <\/p>\n<p><a class=\"more-link btn\" href=\"https:\/\/www.oo.ljubljana.sviz.si\/?p=2065\">Continue reading<\/a><\/p>\n","protected":false},"author":1,"featured_media":0,"comment_status":"open","ping_status":"open","sticky":false,"template":"","format":"standard","meta":{"footnotes":""},"categories":[7],"tags":[],"class_list":["post-2065","post","type-post","status-publish","format-standard","hentry","category-izpostavljeno","item-wrap"],"aioseo_notices":[],"_links":{"self":[{"href":"https:\/\/www.oo.ljubljana.sviz.si\/index.php?rest_route=\/wp\/v2\/posts\/2065","targetHints":{"allow":["GET"]}}],"collection":[{"href":"https:\/\/www.oo.ljubljana.sviz.si\/index.php?rest_route=\/wp\/v2\/posts"}],"about":[{"href":"https:\/\/www.oo.ljubljana.sviz.si\/index.php?rest_route=\/wp\/v2\/types\/post"}],"author":[{"embeddable":true,"href":"https:\/\/www.oo.ljubljana.sviz.si\/index.php?rest_route=\/wp\/v2\/users\/1"}],"replies":[{"embeddable":true,"href":"https:\/\/www.oo.ljubljana.sviz.si\/index.php?rest_route=%2Fwp%2Fv2%2Fcomments&post=2065"}],"version-history":[{"count":1,"href":"https:\/\/www.oo.ljubljana.sviz.si\/index.php?rest_route=\/wp\/v2\/posts\/2065\/revisions"}],"predecessor-version":[{"id":2071,"href":"https:\/\/www.oo.ljubljana.sviz.si\/index.php?rest_route=\/wp\/v2\/posts\/2065\/revisions\/2071"}],"wp:attachment":[{"href":"https:\/\/www.oo.ljubljana.sviz.si\/index.php?rest_route=%2Fwp%2Fv2%2Fmedia&parent=2065"}],"wp:term":[{"taxonomy":"category","embeddable":true,"href":"https:\/\/www.oo.ljubljana.sviz.si\/index.php?rest_route=%2Fwp%2Fv2%2Fcategories&post=2065"},{"taxonomy":"post_tag","embeddable":true,"href":"https:\/\/www.oo.ljubljana.sviz.si\/index.php?rest_route=%2Fwp%2Fv2%2Ftags&post=2065"}],"curies":[{"name":"wp","href":"https:\/\/api.w.org\/{rel}","templated":true}]}}