{"id":2062,"date":"2023-01-19T09:41:24","date_gmt":"2023-01-19T08:41:24","guid":{"rendered":"http:\/\/www.oo.ljubljana.sviz.si\/?p=2062"},"modified":"2023-03-20T19:13:34","modified_gmt":"2023-03-20T18:13:34","slug":"protestni-shod-zaposlenih-v-vzgoji-in-izobrazevanju-25-1-2023","status":"publish","type":"post","link":"https:\/\/www.oo.ljubljana.sviz.si\/?p=2062","title":{"rendered":"<a href=\"https:\/\/www.sviz.si\/posebna-obvestila-go-sviz_5\/\">PROTESTNI SHOD ZAPOSLENIH V VZGOJI IN IZOBRA\u017dEVANJU 25. 1. 2023<\/a>"},"content":{"rendered":"\n<p><a href=\"https:\/\/www.sviz.si\/posebna-obvestila-go-sviz_5\/\">PROTESTNI SHOD ZAPOSLENIH V VZGOJI IN IZOBRA\u017dEVANJU 25. 1. 2023<\/a><\/p>\n\n\n\n<p>Pozivamo vse zaposlene v pla\u010dni skupini D in J od vrtca do univerze, da se skupaj 25. januarja 2023 udele\u017eimo shoda pred Vlado Republike Slovenije in s tem poka\u017eemo, da ne odstopamo od stavkovnih zahtev in da je pri\u0161el \u010das, ko je potrebno vzgoji in izobra\u017eevanju dati mesto na pla\u010dni lestvici, ki si ga s svojim poslanstvom zaslu\u017ei. <\/p>\n\n\n\n<p>Shoda se udele\u017eujejo tudi predstavniki iz kulture in znanosti, ki bodo predstavili zahteve zaposlenih na teh podro\u010djih.<br><\/p>\n","protected":false},"excerpt":{"rendered":"<p>PROTESTNI SHOD ZAPOSLENIH V VZGOJI IN IZOBRA\u017dEVANJU 25. 1. 2023 Pozivamo vse zaposlene v pla\u010dni skupini D in J od vrtca do univerze, da se skupaj 25. januarja 2023 udele\u017eimo shoda pred Vlado Republike Slovenije in s tem poka\u017eemo, da ne odstopamo od stavkovnih zahtev in da je pri\u0161el \u010das, ko je potrebno vzgoji in &hellip; <\/p>\n<p><a class=\"more-link btn\" href=\"https:\/\/www.oo.ljubljana.sviz.si\/?p=2062\">Continue reading<\/a><\/p>\n","protected":false},"author":1,"featured_media":0,"comment_status":"open","ping_status":"open","sticky":false,"template":"","format":"standard","meta":{"footnotes":""},"categories":[7],"tags":[],"class_list":["post-2062","post","type-post","status-publish","format-standard","hentry","category-izpostavljeno","item-wrap"],"aioseo_notices":[],"_links":{"self":[{"href":"https:\/\/www.oo.ljubljana.sviz.si\/index.php?rest_route=\/wp\/v2\/posts\/2062","targetHints":{"allow":["GET"]}}],"collection":[{"href":"https:\/\/www.oo.ljubljana.sviz.si\/index.php?rest_route=\/wp\/v2\/posts"}],"about":[{"href":"https:\/\/www.oo.ljubljana.sviz.si\/index.php?rest_route=\/wp\/v2\/types\/post"}],"author":[{"embeddable":true,"href":"https:\/\/www.oo.ljubljana.sviz.si\/index.php?rest_route=\/wp\/v2\/users\/1"}],"replies":[{"embeddable":true,"href":"https:\/\/www.oo.ljubljana.sviz.si\/index.php?rest_route=%2Fwp%2Fv2%2Fcomments&post=2062"}],"version-history":[{"count":1,"href":"https:\/\/www.oo.ljubljana.sviz.si\/index.php?rest_route=\/wp\/v2\/posts\/2062\/revisions"}],"predecessor-version":[{"id":2063,"href":"https:\/\/www.oo.ljubljana.sviz.si\/index.php?rest_route=\/wp\/v2\/posts\/2062\/revisions\/2063"}],"wp:attachment":[{"href":"https:\/\/www.oo.ljubljana.sviz.si\/index.php?rest_route=%2Fwp%2Fv2%2Fmedia&parent=2062"}],"wp:term":[{"taxonomy":"category","embeddable":true,"href":"https:\/\/www.oo.ljubljana.sviz.si\/index.php?rest_route=%2Fwp%2Fv2%2Fcategories&post=2062"},{"taxonomy":"post_tag","embeddable":true,"href":"https:\/\/www.oo.ljubljana.sviz.si\/index.php?rest_route=%2Fwp%2Fv2%2Ftags&post=2062"}],"curies":[{"name":"wp","href":"https:\/\/api.w.org\/{rel}","templated":true}]}}