{"id":1783,"date":"2020-01-30T12:35:28","date_gmt":"2020-01-30T11:35:28","guid":{"rendered":"http:\/\/www.oo.ljubljana.sviz.si\/?p=1783"},"modified":"2020-03-04T08:21:40","modified_gmt":"2020-03-04T07:21:40","slug":"uspesno-izpeljano-tudi-6-svizovo-prvenstvo-v-veleslalomu","status":"publish","type":"post","link":"https:\/\/www.oo.ljubljana.sviz.si\/?p=1783","title":{"rendered":"USPE\u0160NO IZPELJANO TUDI 6. SVIZOVO PRVENSTVO V VELESLALOMU"},"content":{"rendered":"\n<p>V soboto 25. 1. 2020 je bilo na smu\u010di\u0161\u010du Golte \u017ee 6. Svizovo prvenstvo v veleslalomu, ki ga vsako leto organizira&nbsp;<a href=\"http:\/\/www.oo.velenje.sviz.si\/\">OO Velenje<\/a>. Tokrat se je na progi v \u0161tirih razli\u010dnih kategorijah pomerilo ve\u010d kot 250 tekmovalk in tekmovalcev, \u010dlanic in \u010dlanov Sviza, med njimi tudi \u0161tevil\u010dna ekipa OO Ljubljane in okolice z 58 tekmovalci.<\/p>\n\n\n\n<p>Najbolj\u0161o uvrstitev v\nekipi OO Ljubljane in okolice sta dosegla Irena Erjavec in Janez Po\u010dkaj, ki sta\nv svoji kategoriji zasedla 2. mesto. Tudi ostale tekmovalke in tekmovalci so se\nodli\u010dno odrezali in pripomogli k osvojenemu ekipnemu drugemu mestu OO Ljubljane\nin okolice. Tekmovalkam in tekmovalcem iskrene \u010destitke in zahvala za uspe\u0161en\nnastop, zahvala navija\u010dem, ter vsem ostalim udele\u017eenkam in udele\u017eencem za\nprijetno dru\u017eenje. Slaba vremenska napoved se k sre\u010di ni izpolnila, saj so nas\npopoldne obsijali tudi srame\u017eljivi son\u010dni \u017earki.<\/p>\n\n\n\n<p>Prilagamo \u0161e nekaj fotografskih utrinkov s prvenstva.<\/p>\n\n\n\n<p class=\"has-text-align-center\">Tekmovalci na progi<\/p>\n\n\n\n<div class=\"wp-block-image\"><figure class=\"aligncenter size-large\"><img loading=\"lazy\" decoding=\"async\" width=\"364\" height=\"294\" src=\"https:\/\/www.oo.ljubljana.sviz.si\/wpfolder\/wp-content\/uploads\/2020\/01\/slika.png\" alt=\"\" class=\"wp-image-1784\" srcset=\"https:\/\/www.oo.ljubljana.sviz.si\/wpfolder\/wp-content\/uploads\/2020\/01\/slika.png 364w, https:\/\/www.oo.ljubljana.sviz.si\/wpfolder\/wp-content\/uploads\/2020\/01\/slika-300x242.png 300w\" sizes=\"auto, (max-width: 364px) 100vw, 364px\" \/><\/figure><\/div>\n\n\n\n<p class=\"has-text-align-center\">2. mesto v najizku\u0161enej\u0161i \u017eenski kategoriji<\/p>\n\n\n\n<div class=\"wp-block-image\"><figure class=\"aligncenter size-large\"><img loading=\"lazy\" decoding=\"async\" width=\"381\" height=\"325\" src=\"https:\/\/www.oo.ljubljana.sviz.si\/wpfolder\/wp-content\/uploads\/2020\/01\/slika-1.png\" alt=\"\" class=\"wp-image-1785\" srcset=\"https:\/\/www.oo.ljubljana.sviz.si\/wpfolder\/wp-content\/uploads\/2020\/01\/slika-1.png 381w, https:\/\/www.oo.ljubljana.sviz.si\/wpfolder\/wp-content\/uploads\/2020\/01\/slika-1-300x256.png 300w\" sizes=\"auto, (max-width: 381px) 100vw, 381px\" \/><\/figure><\/div>\n\n\n\n<p class=\"has-text-align-center\">2. mesto tudi v eni od mo\u0161kih kategorij<\/p>\n\n\n\n<div class=\"wp-block-image\"><figure class=\"aligncenter size-large\"><img loading=\"lazy\" decoding=\"async\" width=\"382\" height=\"331\" src=\"https:\/\/www.oo.ljubljana.sviz.si\/wpfolder\/wp-content\/uploads\/2020\/01\/slika-2.png\" alt=\"\" class=\"wp-image-1786\" srcset=\"https:\/\/www.oo.ljubljana.sviz.si\/wpfolder\/wp-content\/uploads\/2020\/01\/slika-2.png 382w, https:\/\/www.oo.ljubljana.sviz.si\/wpfolder\/wp-content\/uploads\/2020\/01\/slika-2-300x260.png 300w\" sizes=\"auto, (max-width: 382px) 100vw, 382px\" \/><\/figure><\/div>\n\n\n\n<p class=\"has-text-align-center\">Del ekipe OO Ljubljane in okolice, ki je osvojila ekipno 2. mesto<\/p>\n\n\n\n<div class=\"wp-block-image\"><figure class=\"aligncenter size-large\"><img loading=\"lazy\" decoding=\"async\" width=\"311\" height=\"409\" src=\"https:\/\/www.oo.ljubljana.sviz.si\/wpfolder\/wp-content\/uploads\/2020\/01\/slika-3.png\" alt=\"\" class=\"wp-image-1787\" srcset=\"https:\/\/www.oo.ljubljana.sviz.si\/wpfolder\/wp-content\/uploads\/2020\/01\/slika-3.png 311w, https:\/\/www.oo.ljubljana.sviz.si\/wpfolder\/wp-content\/uploads\/2020\/01\/slika-3-228x300.png 228w\" sizes=\"auto, (max-width: 311px) 100vw, 311px\" \/><\/figure><\/div>\n\n\n\n<p class=\"has-text-align-center\">Medalje, nagrade, prehodni pokal<\/p>\n\n\n\n<div class=\"wp-block-image\"><figure class=\"aligncenter size-large\"><img loading=\"lazy\" decoding=\"async\" width=\"296\" height=\"394\" src=\"https:\/\/www.oo.ljubljana.sviz.si\/wpfolder\/wp-content\/uploads\/2020\/01\/slika-4.png\" alt=\"\" class=\"wp-image-1788\" srcset=\"https:\/\/www.oo.ljubljana.sviz.si\/wpfolder\/wp-content\/uploads\/2020\/01\/slika-4.png 296w, https:\/\/www.oo.ljubljana.sviz.si\/wpfolder\/wp-content\/uploads\/2020\/01\/slika-4-225x300.png 225w\" sizes=\"auto, (max-width: 296px) 100vw, 296px\" \/><\/figure><\/div>\n\n\n\n<p class=\"has-text-align-center\">Predaja pokala v roke zmagovalcem<\/p>\n\n\n\n<div class=\"wp-block-image\"><figure class=\"aligncenter size-large\"><img loading=\"lazy\" decoding=\"async\" width=\"408\" height=\"300\" src=\"https:\/\/www.oo.ljubljana.sviz.si\/wpfolder\/wp-content\/uploads\/2020\/01\/slika-5.png\" alt=\"\" class=\"wp-image-1789\" srcset=\"https:\/\/www.oo.ljubljana.sviz.si\/wpfolder\/wp-content\/uploads\/2020\/01\/slika-5.png 408w, https:\/\/www.oo.ljubljana.sviz.si\/wpfolder\/wp-content\/uploads\/2020\/01\/slika-5-300x221.png 300w\" sizes=\"auto, (max-width: 408px) 100vw, 408px\" \/><\/figure><\/div>\n\n\n\n<p class=\"has-text-align-center\">Spro\u0161\u010den zaklju\u010dek uspe\u0161nega tekmovanja<\/p>\n\n\n\n<div class=\"wp-block-image\"><figure class=\"aligncenter size-large\"><img loading=\"lazy\" decoding=\"async\" width=\"418\" height=\"308\" src=\"https:\/\/www.oo.ljubljana.sviz.si\/wpfolder\/wp-content\/uploads\/2020\/01\/slika-6.png\" alt=\"\" class=\"wp-image-1790\" srcset=\"https:\/\/www.oo.ljubljana.sviz.si\/wpfolder\/wp-content\/uploads\/2020\/01\/slika-6.png 418w, https:\/\/www.oo.ljubljana.sviz.si\/wpfolder\/wp-content\/uploads\/2020\/01\/slika-6-300x221.png 300w\" sizes=\"auto, (max-width: 418px) 100vw, 418px\" \/><\/figure><\/div>\n","protected":false},"excerpt":{"rendered":"<p>V soboto 25. 1. 2020 je bilo na smu\u010di\u0161\u010du Golte \u017ee 6. Svizovo prvenstvo v veleslalomu, ki ga vsako leto organizira&nbsp;OO Velenje. Tokrat se je na progi v \u0161tirih razli\u010dnih kategorijah pomerilo ve\u010d kot 250 tekmovalk in tekmovalcev, \u010dlanic in \u010dlanov Sviza, med njimi tudi \u0161tevil\u010dna ekipa OO Ljubljane in okolice z 58 tekmovalci. Najbolj\u0161o &hellip; <\/p>\n<p><a class=\"more-link btn\" href=\"https:\/\/www.oo.ljubljana.sviz.si\/?p=1783\">Continue reading<\/a><\/p>\n","protected":false},"author":1,"featured_media":0,"comment_status":"open","ping_status":"open","sticky":false,"template":"","format":"standard","meta":{"footnotes":""},"categories":[7],"tags":[84,105,83],"class_list":["post-1783","post","type-post","status-publish","format-standard","hentry","category-izpostavljeno","tag-prvenstvo-v-veleslalomu","tag-svizov-veleslalom","tag-veleslalom","item-wrap"],"aioseo_notices":[],"_links":{"self":[{"href":"https:\/\/www.oo.ljubljana.sviz.si\/index.php?rest_route=\/wp\/v2\/posts\/1783","targetHints":{"allow":["GET"]}}],"collection":[{"href":"https:\/\/www.oo.ljubljana.sviz.si\/index.php?rest_route=\/wp\/v2\/posts"}],"about":[{"href":"https:\/\/www.oo.ljubljana.sviz.si\/index.php?rest_route=\/wp\/v2\/types\/post"}],"author":[{"embeddable":true,"href":"https:\/\/www.oo.ljubljana.sviz.si\/index.php?rest_route=\/wp\/v2\/users\/1"}],"replies":[{"embeddable":true,"href":"https:\/\/www.oo.ljubljana.sviz.si\/index.php?rest_route=%2Fwp%2Fv2%2Fcomments&post=1783"}],"version-history":[{"count":2,"href":"https:\/\/www.oo.ljubljana.sviz.si\/index.php?rest_route=\/wp\/v2\/posts\/1783\/revisions"}],"predecessor-version":[{"id":1792,"href":"https:\/\/www.oo.ljubljana.sviz.si\/index.php?rest_route=\/wp\/v2\/posts\/1783\/revisions\/1792"}],"wp:attachment":[{"href":"https:\/\/www.oo.ljubljana.sviz.si\/index.php?rest_route=%2Fwp%2Fv2%2Fmedia&parent=1783"}],"wp:term":[{"taxonomy":"category","embeddable":true,"href":"https:\/\/www.oo.ljubljana.sviz.si\/index.php?rest_route=%2Fwp%2Fv2%2Fcategories&post=1783"},{"taxonomy":"post_tag","embeddable":true,"href":"https:\/\/www.oo.ljubljana.sviz.si\/index.php?rest_route=%2Fwp%2Fv2%2Ftags&post=1783"}],"curies":[{"name":"wp","href":"https:\/\/api.w.org\/{rel}","templated":true}]}}