{"id":1668,"date":"2019-05-13T07:04:08","date_gmt":"2019-05-13T06:04:08","guid":{"rendered":"http:\/\/www.oo.ljubljana.sviz.si\/?p=1668"},"modified":"2019-05-30T08:11:31","modified_gmt":"2019-05-30T07:11:31","slug":"letovanje-v-pocitniskih-stanovanjih-sviz-slovenije-v-casu-poletnih-pocitnic-2019","status":"publish","type":"post","link":"https:\/\/www.oo.ljubljana.sviz.si\/?p=1668","title":{"rendered":"Letovanje v po\u010ditni\u0161kih stanovanjih SVIZ Slovenije v \u010dasu POLETNIH PO\u010cITNIC 2019"},"content":{"rendered":"<p>Po razpisu je ostalo na voljo \u0161e nekaj <a href=\"https:\/\/www.oo.ljubljana.sviz.si\/wpfolder\/wp-content\/uploads\/2019\/05\/TERMINI-po-razpisu-poletje-2019.doc\"><b>nezasedenih terminov<\/b><\/a> v \u010dasu POLETNIH po\u010ditnic 2019.<\/p>\n<p>\u010ce ste zainteresirani za katerega izmed njih, vas prosimo, da <strong>najkasneje v sredo \u2013 15. maja 2019 (do 12. ure)<\/strong> <strong>POKLI\u010cETE<\/strong> na OO SVIZ Ljubljane in okolice, <strong>tel.: 01\/256-34-97 (ga. Marjana Mo\u017eina).<\/strong><\/p>\n<p>Po tem datumu bodo termini na voljo le \u0161e pri upravitelju po\u010ditni\u0161kih stanovanj oz. na spletni strani <a href=\"http:\/\/odpocij.si\/\">www.odpocij.si,<\/a> kjer najdete tudi opise stanovanj in cene najema.<\/p>\n","protected":false},"excerpt":{"rendered":"<p>Po razpisu je ostalo na voljo \u0161e nekaj nezasedenih terminov v \u010dasu POLETNIH po\u010ditnic 2019. \u010ce ste zainteresirani za katerega izmed njih, vas prosimo, da najkasneje v sredo \u2013 15. maja 2019 (do 12. ure) POKLI\u010cETE na OO SVIZ Ljubljane in okolice, tel.: 01\/256-34-97 (ga. Marjana Mo\u017eina). Po tem datumu bodo termini na voljo le &hellip; <\/p>\n<p><a class=\"more-link btn\" href=\"https:\/\/www.oo.ljubljana.sviz.si\/?p=1668\">Continue reading<\/a><\/p>\n","protected":false},"author":3,"featured_media":0,"comment_status":"open","ping_status":"open","sticky":false,"template":"","format":"standard","meta":{"footnotes":""},"categories":[7],"tags":[5,106],"class_list":["post-1668","post","type-post","status-publish","format-standard","hentry","category-izpostavljeno","tag-letovanje","tag-poletje-2019","item-wrap"],"aioseo_notices":[],"_links":{"self":[{"href":"https:\/\/www.oo.ljubljana.sviz.si\/index.php?rest_route=\/wp\/v2\/posts\/1668","targetHints":{"allow":["GET"]}}],"collection":[{"href":"https:\/\/www.oo.ljubljana.sviz.si\/index.php?rest_route=\/wp\/v2\/posts"}],"about":[{"href":"https:\/\/www.oo.ljubljana.sviz.si\/index.php?rest_route=\/wp\/v2\/types\/post"}],"author":[{"embeddable":true,"href":"https:\/\/www.oo.ljubljana.sviz.si\/index.php?rest_route=\/wp\/v2\/users\/3"}],"replies":[{"embeddable":true,"href":"https:\/\/www.oo.ljubljana.sviz.si\/index.php?rest_route=%2Fwp%2Fv2%2Fcomments&post=1668"}],"version-history":[{"count":1,"href":"https:\/\/www.oo.ljubljana.sviz.si\/index.php?rest_route=\/wp\/v2\/posts\/1668\/revisions"}],"predecessor-version":[{"id":1670,"href":"https:\/\/www.oo.ljubljana.sviz.si\/index.php?rest_route=\/wp\/v2\/posts\/1668\/revisions\/1670"}],"wp:attachment":[{"href":"https:\/\/www.oo.ljubljana.sviz.si\/index.php?rest_route=%2Fwp%2Fv2%2Fmedia&parent=1668"}],"wp:term":[{"taxonomy":"category","embeddable":true,"href":"https:\/\/www.oo.ljubljana.sviz.si\/index.php?rest_route=%2Fwp%2Fv2%2Fcategories&post=1668"},{"taxonomy":"post_tag","embeddable":true,"href":"https:\/\/www.oo.ljubljana.sviz.si\/index.php?rest_route=%2Fwp%2Fv2%2Ftags&post=1668"}],"curies":[{"name":"wp","href":"https:\/\/api.w.org\/{rel}","templated":true}]}}