{"id":1593,"date":"2019-01-22T11:03:05","date_gmt":"2019-01-22T10:03:05","guid":{"rendered":"http:\/\/www.oo.ljubljana.sviz.si\/?p=1593"},"modified":"2019-01-28T14:45:08","modified_gmt":"2019-01-28T13:45:08","slug":"5-svizovo-prvenstvo-v-veleslalomu-golte-26-1-2019","status":"publish","type":"post","link":"https:\/\/www.oo.ljubljana.sviz.si\/?p=1593","title":{"rendered":"5. SVIZOVO PRVENSTVO V VELESLALOMU, GOLTE, 26.1.2019"},"content":{"rendered":"<p>V soboto 26.1.2019\u00a0 je bilo na smu\u010di\u0161\u010du Golte \u017ee 5. Svizovo prvenstvo v veleslalomu, ki ga vsako leto organizira <a href=\"http:\/\/www.oo.velenje.sviz.si\/\">OO Velenje<\/a>. Tokrat se je na progi v \u0161tirih kategorijah pomerilo kar 276 tekmovalk in tekmovalcev, \u010dlanic in \u010dlanov Sviza, med njimi tudi \u0161tevil\u010dna ekipa OO Ljubljane in okolice s 54 tekmovalci.<\/p>\n<p>Ekipa OO Ljubljane in okolice je tudi tokrat nastopila s \u0161tevilnimi tekmovalci, ki so osvojili visoka mesta v posameznih kategorijah. Najuspe\u0161nej\u0161i iz ekipe Ljubljane in okolice je bil Sa\u0161o Jarc, ki je v svoji kategoriji osvojil drugo mesto.<\/p>\n<p><a href=\"https:\/\/www.oo.ljubljana.sviz.si\/wpfolder\/wp-content\/uploads\/2019\/01\/drugo-mesto-mo\u0161ki-e1548680634901.jpg\"><img loading=\"lazy\" decoding=\"async\" class=\"size-medium wp-image-1603 aligncenter\" src=\"https:\/\/www.oo.ljubljana.sviz.si\/wpfolder\/wp-content\/uploads\/2019\/01\/drugo-mesto-mo\u0161ki-e1548680634901-225x300.jpg\" alt=\"\" width=\"225\" height=\"300\" srcset=\"https:\/\/www.oo.ljubljana.sviz.si\/wpfolder\/wp-content\/uploads\/2019\/01\/drugo-mesto-mo\u0161ki-e1548680634901-225x300.jpg 225w, https:\/\/www.oo.ljubljana.sviz.si\/wpfolder\/wp-content\/uploads\/2019\/01\/drugo-mesto-mo\u0161ki-e1548680634901-768x1024.jpg 768w, https:\/\/www.oo.ljubljana.sviz.si\/wpfolder\/wp-content\/uploads\/2019\/01\/drugo-mesto-mo\u0161ki-e1548680634901.jpg 1224w\" sizes=\"auto, (max-width: 225px) 100vw, 225px\" \/><\/a><\/p>\n<p>Dobri nastopi vseh tekmovalcev pa so prispevali k odli\u010dnemu ekipnemu uspehu, saj je tokrat ekipa OO Ljubljane in okolice osvojila kar prvo mesto!<\/p>\n<div id=\"attachment_1605\" style=\"width: 300px\" class=\"wp-caption aligncenter\"><a href=\"https:\/\/www.oo.ljubljana.sviz.si\/wpfolder\/wp-content\/uploads\/2019\/01\/IMG-4286-1.jpg\"><img loading=\"lazy\" decoding=\"async\" aria-describedby=\"caption-attachment-1605\" class=\"size-medium wp-image-1605\" src=\"https:\/\/www.oo.ljubljana.sviz.si\/wpfolder\/wp-content\/uploads\/2019\/01\/IMG-4286-1-300x169.jpg\" alt=\"\" width=\"300\" height=\"169\" srcset=\"https:\/\/www.oo.ljubljana.sviz.si\/wpfolder\/wp-content\/uploads\/2019\/01\/IMG-4286-1-300x169.jpg 300w, https:\/\/www.oo.ljubljana.sviz.si\/wpfolder\/wp-content\/uploads\/2019\/01\/IMG-4286-1-768x432.jpg 768w, https:\/\/www.oo.ljubljana.sviz.si\/wpfolder\/wp-content\/uploads\/2019\/01\/IMG-4286-1-1024x576.jpg 1024w, https:\/\/www.oo.ljubljana.sviz.si\/wpfolder\/wp-content\/uploads\/2019\/01\/IMG-4286-1.jpg 1280w\" sizes=\"auto, (max-width: 300px) 100vw, 300px\" \/><\/a><p id=\"caption-attachment-1605\" class=\"wp-caption-text\">Pokal za zmagovalno ekipo OO Ljubljane in okolice<\/p><\/div>\n<p>Ob prihodu nas je pri\u010dakalo zelo hladno jutro, ki pa se je zbudilo v prekrasen son\u010den dan s spro\u0161\u010denim vzdu\u0161jem, prijetnim dru\u017eenjem in izvrstno kulinariko.<\/p>\n<div id=\"attachment_1597\" style=\"width: 300px\" class=\"wp-caption aligncenter\"><a href=\"https:\/\/www.oo.ljubljana.sviz.si\/wpfolder\/wp-content\/uploads\/2019\/01\/IMG-4206.jpg\"><img loading=\"lazy\" decoding=\"async\" aria-describedby=\"caption-attachment-1597\" class=\"size-medium wp-image-1597\" src=\"https:\/\/www.oo.ljubljana.sviz.si\/wpfolder\/wp-content\/uploads\/2019\/01\/IMG-4206-300x225.jpg\" alt=\"\" width=\"300\" height=\"225\" srcset=\"https:\/\/www.oo.ljubljana.sviz.si\/wpfolder\/wp-content\/uploads\/2019\/01\/IMG-4206-300x225.jpg 300w, https:\/\/www.oo.ljubljana.sviz.si\/wpfolder\/wp-content\/uploads\/2019\/01\/IMG-4206-768x576.jpg 768w, https:\/\/www.oo.ljubljana.sviz.si\/wpfolder\/wp-content\/uploads\/2019\/01\/IMG-4206-1024x768.jpg 1024w\" sizes=\"auto, (max-width: 300px) 100vw, 300px\" \/><\/a><p id=\"caption-attachment-1597\" class=\"wp-caption-text\">Jutranji pogled v dolino<\/p><\/div>\n<div id=\"attachment_1604\" style=\"width: 225px\" class=\"wp-caption aligncenter\"><a href=\"https:\/\/www.oo.ljubljana.sviz.si\/wpfolder\/wp-content\/uploads\/2019\/01\/IMG-4204-e1548680694596.jpg\"><img loading=\"lazy\" decoding=\"async\" aria-describedby=\"caption-attachment-1604\" class=\"size-medium wp-image-1604\" src=\"https:\/\/www.oo.ljubljana.sviz.si\/wpfolder\/wp-content\/uploads\/2019\/01\/IMG-4204-e1548680694596-225x300.jpg\" alt=\"\" width=\"225\" height=\"300\" srcset=\"https:\/\/www.oo.ljubljana.sviz.si\/wpfolder\/wp-content\/uploads\/2019\/01\/IMG-4204-e1548680694596-225x300.jpg 225w, https:\/\/www.oo.ljubljana.sviz.si\/wpfolder\/wp-content\/uploads\/2019\/01\/IMG-4204-e1548680694596-768x1024.jpg 768w\" sizes=\"auto, (max-width: 225px) 100vw, 225px\" \/><\/a><p id=\"caption-attachment-1604\" class=\"wp-caption-text\">Obilen zajtrk za udele\u017eence<\/p><\/div>\n<p>&nbsp;<\/p>\n<p><a href=\"https:\/\/www.oo.ljubljana.sviz.si\/wpfolder\/wp-content\/uploads\/2019\/01\/IMG-4235.jpg\"><img loading=\"lazy\" decoding=\"async\" class=\"size-medium wp-image-1599 aligncenter\" src=\"https:\/\/www.oo.ljubljana.sviz.si\/wpfolder\/wp-content\/uploads\/2019\/01\/IMG-4235-300x225.jpg\" alt=\"\" width=\"300\" height=\"225\" srcset=\"https:\/\/www.oo.ljubljana.sviz.si\/wpfolder\/wp-content\/uploads\/2019\/01\/IMG-4235-300x225.jpg 300w, https:\/\/www.oo.ljubljana.sviz.si\/wpfolder\/wp-content\/uploads\/2019\/01\/IMG-4235-768x576.jpg 768w, https:\/\/www.oo.ljubljana.sviz.si\/wpfolder\/wp-content\/uploads\/2019\/01\/IMG-4235-1024x768.jpg 1024w\" sizes=\"auto, (max-width: 300px) 100vw, 300px\" \/><\/a><\/p>\n<p>Tekmovalce so vzpodbujali zvesti navija\u010di.<\/p>\n<p><a href=\"https:\/\/www.oo.ljubljana.sviz.si\/wpfolder\/wp-content\/uploads\/2019\/01\/proga.jpg\"><img loading=\"lazy\" decoding=\"async\" class=\"size-medium wp-image-1606 aligncenter\" src=\"https:\/\/www.oo.ljubljana.sviz.si\/wpfolder\/wp-content\/uploads\/2019\/01\/proga-273x300.jpg\" alt=\"\" width=\"273\" height=\"300\" srcset=\"https:\/\/www.oo.ljubljana.sviz.si\/wpfolder\/wp-content\/uploads\/2019\/01\/proga-273x300.jpg 273w, https:\/\/www.oo.ljubljana.sviz.si\/wpfolder\/wp-content\/uploads\/2019\/01\/proga-768x845.jpg 768w, https:\/\/www.oo.ljubljana.sviz.si\/wpfolder\/wp-content\/uploads\/2019\/01\/proga-930x1024.jpg 930w\" sizes=\"auto, (max-width: 273px) 100vw, 273px\" \/><\/a><\/p>\n<div id=\"attachment_1598\" style=\"width: 300px\" class=\"wp-caption aligncenter\"><a href=\"https:\/\/www.oo.ljubljana.sviz.si\/wpfolder\/wp-content\/uploads\/2019\/01\/IMG-4211.jpg\"><img loading=\"lazy\" decoding=\"async\" aria-describedby=\"caption-attachment-1598\" class=\"size-medium wp-image-1598\" src=\"https:\/\/www.oo.ljubljana.sviz.si\/wpfolder\/wp-content\/uploads\/2019\/01\/IMG-4211-300x225.jpg\" alt=\"\" width=\"300\" height=\"225\" srcset=\"https:\/\/www.oo.ljubljana.sviz.si\/wpfolder\/wp-content\/uploads\/2019\/01\/IMG-4211-300x225.jpg 300w, https:\/\/www.oo.ljubljana.sviz.si\/wpfolder\/wp-content\/uploads\/2019\/01\/IMG-4211-768x576.jpg 768w, https:\/\/www.oo.ljubljana.sviz.si\/wpfolder\/wp-content\/uploads\/2019\/01\/IMG-4211-1024x768.jpg 1024w\" sizes=\"auto, (max-width: 300px) 100vw, 300px\" \/><\/a><p id=\"caption-attachment-1598\" class=\"wp-caption-text\">Zvesti in glasni navija\u010di<\/p><\/div>\n<div id=\"attachment_1602\" style=\"width: 300px\" class=\"wp-caption aligncenter\"><a href=\"https:\/\/www.oo.ljubljana.sviz.si\/wpfolder\/wp-content\/uploads\/2019\/01\/cilj.jpg\"><img loading=\"lazy\" decoding=\"async\" aria-describedby=\"caption-attachment-1602\" class=\"size-medium wp-image-1602\" src=\"https:\/\/www.oo.ljubljana.sviz.si\/wpfolder\/wp-content\/uploads\/2019\/01\/cilj-300x225.jpg\" alt=\"\" width=\"300\" height=\"225\" srcset=\"https:\/\/www.oo.ljubljana.sviz.si\/wpfolder\/wp-content\/uploads\/2019\/01\/cilj-300x225.jpg 300w, https:\/\/www.oo.ljubljana.sviz.si\/wpfolder\/wp-content\/uploads\/2019\/01\/cilj-768x576.jpg 768w, https:\/\/www.oo.ljubljana.sviz.si\/wpfolder\/wp-content\/uploads\/2019\/01\/cilj-1024x768.jpg 1024w, https:\/\/www.oo.ljubljana.sviz.si\/wpfolder\/wp-content\/uploads\/2019\/01\/cilj.jpg 1632w\" sizes=\"auto, (max-width: 300px) 100vw, 300px\" \/><\/a><p id=\"caption-attachment-1602\" class=\"wp-caption-text\">Spro\u0161\u010deno vzdu\u0161je v cilju<\/p><\/div>\n<p>\u010cestitke in hvala OO Velenje za odli\u010dno organizacijo 5. Svizovega prvenstva v veleslalomu! Dan je prehitro minil v prijetni dru\u017ebi udele\u017eencev iz vse Slovenije, ob sve\u017ee pripravljenem &#8220;\u0161mornu&#8221; in duhovitih pripombah \u0161portnega komentatorja!<\/p>\n<p>Hvala tekmovalkam in tekmovalcem OO Ljubljane in okolice, dosegli ste izvrsten rezultat, zagotovo tudi zaradi podpore zvestih navija\u010dev.<\/p>\n","protected":false},"excerpt":{"rendered":"<p>V soboto 26.1.2019\u00a0 je bilo na smu\u010di\u0161\u010du Golte \u017ee 5. Svizovo prvenstvo v veleslalomu, ki ga vsako leto organizira OO Velenje. Tokrat se je na progi v \u0161tirih kategorijah pomerilo kar 276 tekmovalk in tekmovalcev, \u010dlanic in \u010dlanov Sviza, med njimi tudi \u0161tevil\u010dna ekipa OO Ljubljane in okolice s 54 tekmovalci. Ekipa OO Ljubljane in &hellip; <\/p>\n<p><a class=\"more-link btn\" href=\"https:\/\/www.oo.ljubljana.sviz.si\/?p=1593\">Continue reading<\/a><\/p>\n","protected":false},"author":1,"featured_media":0,"comment_status":"open","ping_status":"open","sticky":false,"template":"","format":"standard","meta":{"footnotes":""},"categories":[1],"tags":[105],"class_list":["post-1593","post","type-post","status-publish","format-standard","hentry","category-uncategorized","tag-svizov-veleslalom","item-wrap"],"aioseo_notices":[],"_links":{"self":[{"href":"https:\/\/www.oo.ljubljana.sviz.si\/index.php?rest_route=\/wp\/v2\/posts\/1593","targetHints":{"allow":["GET"]}}],"collection":[{"href":"https:\/\/www.oo.ljubljana.sviz.si\/index.php?rest_route=\/wp\/v2\/posts"}],"about":[{"href":"https:\/\/www.oo.ljubljana.sviz.si\/index.php?rest_route=\/wp\/v2\/types\/post"}],"author":[{"embeddable":true,"href":"https:\/\/www.oo.ljubljana.sviz.si\/index.php?rest_route=\/wp\/v2\/users\/1"}],"replies":[{"embeddable":true,"href":"https:\/\/www.oo.ljubljana.sviz.si\/index.php?rest_route=%2Fwp%2Fv2%2Fcomments&post=1593"}],"version-history":[{"count":3,"href":"https:\/\/www.oo.ljubljana.sviz.si\/index.php?rest_route=\/wp\/v2\/posts\/1593\/revisions"}],"predecessor-version":[{"id":1608,"href":"https:\/\/www.oo.ljubljana.sviz.si\/index.php?rest_route=\/wp\/v2\/posts\/1593\/revisions\/1608"}],"wp:attachment":[{"href":"https:\/\/www.oo.ljubljana.sviz.si\/index.php?rest_route=%2Fwp%2Fv2%2Fmedia&parent=1593"}],"wp:term":[{"taxonomy":"category","embeddable":true,"href":"https:\/\/www.oo.ljubljana.sviz.si\/index.php?rest_route=%2Fwp%2Fv2%2Fcategories&post=1593"},{"taxonomy":"post_tag","embeddable":true,"href":"https:\/\/www.oo.ljubljana.sviz.si\/index.php?rest_route=%2Fwp%2Fv2%2Ftags&post=1593"}],"curies":[{"name":"wp","href":"https:\/\/api.w.org\/{rel}","templated":true}]}}