{"id":1565,"date":"2018-11-27T15:42:16","date_gmt":"2018-11-27T14:42:16","guid":{"rendered":"http:\/\/www.oo.ljubljana.sviz.si\/?p=1565"},"modified":"2019-09-10T08:33:11","modified_gmt":"2019-09-10T07:33:11","slug":"vabilo-v-slovensko-filharmonijo","status":"publish","type":"post","link":"https:\/\/www.oo.ljubljana.sviz.si\/?p=1565","title":{"rendered":"VABILO V SLOVENSKO FILHARMONIJO"},"content":{"rendered":"<p>V leto\u0161njem letu dodajamo na seznam ugodnosti za \u010dlane OO Ljubljane in okolice ni\u017eje cene vstopnic za ogled prireditev v Slovenski filharmoniji. O zanimivih prireditvah vas bomo obve\u0161\u010dali tudi na na\u0161i spletni strani.<\/p>\n<p><strong>Spo\u0161tovani prijatelji baroka,<\/strong><\/p>\n<h5>Slovenska filharmonija ob koncu leto\u0161njega leta pri\u010denja ciklus Filharmoni\u010dnih koncertov baro\u010dne glasbe, ki bodo potekali pod glasbenim vodstvom<\/h5>\n<h5>Sretena Krsti\u0107a, Mirana Kolbla, Michaela Gl\u00e4serja in Mateja \u0160arca. V program smo uvrstili instrumentalne in vokalnoinstrumentalne stvaritve mojstrov iz obdobja baroka,<\/h5>\n<h5>med katerimi so tudi skladbe, ki bodo na na\u0161ih odrih zazvenele prvi\u010d. Z orkestrom bodo nastopili vrhunski filharmoni\u010dni in gostujo\u010di solisti.<\/h5>\n<p><strong>\u00a0<\/strong><\/p>\n<p>Vljudno vabljeni!<\/p>\n<p><strong>vstopnice:<\/strong><\/p>\n<p>blagajna Slovenske filharmonije, Kongresni trg 10, med delavniki od 11. do 13. in od 15. do 17. ure ter uro pred koncertom,\u00a0T\u00a0+386 1 24 10 800,\u00a0E <a href=\"mailto:info@filharmonija.si\">info@filharmonija.si<\/a>, <a href=\"https:\/\/filharmonija.kupikarto.si\/\">https:\/\/filharmonija.kupikarto.si\/<\/a><\/p>\n<p><a href=\"http:\/\/www.filharmonija.si\">www.filharmonija.si<\/a><\/p>\n<p><strong>cene vstopnic:<\/strong><\/p>\n<p>KATEGORIJA I.\u00a0\u00a0\u00a0\u00a0\u00a0\u00a0 15\/12* \u20ac<\/p>\n<p>KATEGORIJA II.\u00a0\u00a0\u00a0\u00a0\u00a0 10\/7* \u20ac<\/p>\n<p>*dijaki, \u0161tudentje, upokojenci in \u010dlani SVIZ-a \u00a0lahko z dokazilom (za \u010dlane SVIZ \u010dlanska izkaznica in osebni dokument) kupite vstopnice s popustom<\/p>\n<p><strong>\u00a0<\/strong><strong>Ob hkratnem nakupu vstopnic za vseh pet koncertov baro\u010dne glasbe, vam vstopnico za zadnji koncert podarimo.<\/strong><\/p>\n<p><a href=\"https:\/\/www.oo.ljubljana.sviz.si\/wpfolder\/wp-content\/uploads\/2018\/11\/SF-barok.png\"><img loading=\"lazy\" decoding=\"async\" class=\"alignnone size-medium wp-image-1570\" src=\"https:\/\/www.oo.ljubljana.sviz.si\/wpfolder\/wp-content\/uploads\/2018\/11\/SF-barok-300x127.png\" alt=\"\" width=\"300\" height=\"127\" srcset=\"https:\/\/www.oo.ljubljana.sviz.si\/wpfolder\/wp-content\/uploads\/2018\/11\/SF-barok-300x127.png 300w, https:\/\/www.oo.ljubljana.sviz.si\/wpfolder\/wp-content\/uploads\/2018\/11\/SF-barok.png 760w\" sizes=\"auto, (max-width: 300px) 100vw, 300px\" \/><\/a><\/p>\n","protected":false},"excerpt":{"rendered":"<p>V leto\u0161njem letu dodajamo na seznam ugodnosti za \u010dlane OO Ljubljane in okolice ni\u017eje cene vstopnic za ogled prireditev v Slovenski filharmoniji. O zanimivih prireditvah vas bomo obve\u0161\u010dali tudi na na\u0161i spletni strani. Spo\u0161tovani prijatelji baroka, Slovenska filharmonija ob koncu leto\u0161njega leta pri\u010denja ciklus Filharmoni\u010dnih koncertov baro\u010dne glasbe, ki bodo potekali pod glasbenim vodstvom Sretena &hellip; <\/p>\n<p><a class=\"more-link btn\" href=\"https:\/\/www.oo.ljubljana.sviz.si\/?p=1565\">Continue reading<\/a><\/p>\n","protected":false},"author":1,"featured_media":0,"comment_status":"open","ping_status":"open","sticky":false,"template":"","format":"standard","meta":{"footnotes":""},"categories":[7],"tags":[],"class_list":["post-1565","post","type-post","status-publish","format-standard","hentry","category-izpostavljeno","item-wrap"],"aioseo_notices":[],"_links":{"self":[{"href":"https:\/\/www.oo.ljubljana.sviz.si\/index.php?rest_route=\/wp\/v2\/posts\/1565","targetHints":{"allow":["GET"]}}],"collection":[{"href":"https:\/\/www.oo.ljubljana.sviz.si\/index.php?rest_route=\/wp\/v2\/posts"}],"about":[{"href":"https:\/\/www.oo.ljubljana.sviz.si\/index.php?rest_route=\/wp\/v2\/types\/post"}],"author":[{"embeddable":true,"href":"https:\/\/www.oo.ljubljana.sviz.si\/index.php?rest_route=\/wp\/v2\/users\/1"}],"replies":[{"embeddable":true,"href":"https:\/\/www.oo.ljubljana.sviz.si\/index.php?rest_route=%2Fwp%2Fv2%2Fcomments&post=1565"}],"version-history":[{"count":5,"href":"https:\/\/www.oo.ljubljana.sviz.si\/index.php?rest_route=\/wp\/v2\/posts\/1565\/revisions"}],"predecessor-version":[{"id":1572,"href":"https:\/\/www.oo.ljubljana.sviz.si\/index.php?rest_route=\/wp\/v2\/posts\/1565\/revisions\/1572"}],"wp:attachment":[{"href":"https:\/\/www.oo.ljubljana.sviz.si\/index.php?rest_route=%2Fwp%2Fv2%2Fmedia&parent=1565"}],"wp:term":[{"taxonomy":"category","embeddable":true,"href":"https:\/\/www.oo.ljubljana.sviz.si\/index.php?rest_route=%2Fwp%2Fv2%2Fcategories&post=1565"},{"taxonomy":"post_tag","embeddable":true,"href":"https:\/\/www.oo.ljubljana.sviz.si\/index.php?rest_route=%2Fwp%2Fv2%2Ftags&post=1565"}],"curies":[{"name":"wp","href":"https:\/\/api.w.org\/{rel}","templated":true}]}}