{"id":1260,"date":"2016-09-19T08:30:20","date_gmt":"2016-09-19T07:30:20","guid":{"rendered":"http:\/\/www.oo.ljubljana.sviz.si\/?p=1260"},"modified":"2016-12-22T19:56:00","modified_gmt":"2016-12-22T18:56:00","slug":"razpis-za-letovanje-v-pocitniskih-stanovanjih-sviz-v-sasu-solskih-pocitnic-201617","status":"publish","type":"post","link":"https:\/\/www.oo.ljubljana.sviz.si\/?p=1260","title":{"rendered":"RAZPIS ZA LETOVANJE V PO\u010cITNI\u0160KIH STANOVANJIH SVIZ v \u0161asu \u0161olskih po\u010ditnic 2016\/17"},"content":{"rendered":"<p><a href=\"https:\/\/www.oo.ljubljana.sviz.si\/wpfolder\/wp-content\/uploads\/2016\/09\/otroci-listi.jpg\"><img loading=\"lazy\" decoding=\"async\" class=\" wp-image-1261 aligncenter\" src=\"https:\/\/www.oo.ljubljana.sviz.si\/wpfolder\/wp-content\/uploads\/2016\/09\/otroci-listi-150x150.jpg\" alt=\"otroci-listi\" width=\"210\" height=\"210\" \/><\/a><\/p>\n<p>&nbsp;<\/p>\n<p>Do <strong><u>23. septembra 2016<\/u> <\/strong>se lahko prijavite na razpis za letovanje med <strong>jesenskimi, bo\u017ei\u010dnimi, zimskimi<\/strong> in <strong>prvomajskimi po\u010ditnicami <\/strong>v \u0161olskem letu 2016\/2017<strong>. <\/strong><\/p>\n<p>Izpolnjeno prijavnico do roka po\u0161ljete na na\u0161 naslov: SVIZ &#8211; Obmo\u010dni odbor Ljubljane in okolice ali pa jo skenirate in po\u0161ljete po elektronski po\u0161ti: marjana.mozina@sviz.si<strong>.<\/strong><\/p>\n<p>&nbsp;<\/p>\n<ul>\n<li><a href=\"https:\/\/www.oo.ljubljana.sviz.si\/wpfolder\/wp-content\/uploads\/2016\/09\/PRIJAVNICA-ostalo-2016-17.doc\">PRIJAVNICA<\/a><\/li>\n<li><a href=\"https:\/\/www.oo.ljubljana.sviz.si\/wpfolder\/wp-content\/uploads\/2016\/09\/TERMINI-ostalo-2016-17.doc\">RAZPOLO\u017dLJIVI TERMINI<\/a><\/li>\n<li><a href=\"https:\/\/www.oo.ljubljana.sviz.si\/wpfolder\/wp-content\/uploads\/2016\/09\/navodila-ostalo-2016-17.doc\">NAVODILA<\/a><\/li>\n<\/ul>\n","protected":false},"excerpt":{"rendered":"<p>&nbsp; Do 23. septembra 2016 se lahko prijavite na razpis za letovanje med jesenskimi, bo\u017ei\u010dnimi, zimskimi in prvomajskimi po\u010ditnicami v \u0161olskem letu 2016\/2017. Izpolnjeno prijavnico do roka po\u0161ljete na na\u0161 naslov: SVIZ &#8211; Obmo\u010dni odbor Ljubljane in okolice ali pa jo skenirate in po\u0161ljete po elektronski po\u0161ti: marjana.mozina@sviz.si. &nbsp; PRIJAVNICA RAZPOLO\u017dLJIVI TERMINI NAVODILA<\/p>\n","protected":false},"author":3,"featured_media":0,"comment_status":"open","ping_status":"open","sticky":false,"template":"","format":"standard","meta":{"footnotes":""},"categories":[7],"tags":[5,81,6],"class_list":["post-1260","post","type-post","status-publish","format-standard","hentry","category-izpostavljeno","tag-letovanje","tag-solske-pocitnice-201617","tag-termini","item-wrap"],"aioseo_notices":[],"_links":{"self":[{"href":"https:\/\/www.oo.ljubljana.sviz.si\/index.php?rest_route=\/wp\/v2\/posts\/1260","targetHints":{"allow":["GET"]}}],"collection":[{"href":"https:\/\/www.oo.ljubljana.sviz.si\/index.php?rest_route=\/wp\/v2\/posts"}],"about":[{"href":"https:\/\/www.oo.ljubljana.sviz.si\/index.php?rest_route=\/wp\/v2\/types\/post"}],"author":[{"embeddable":true,"href":"https:\/\/www.oo.ljubljana.sviz.si\/index.php?rest_route=\/wp\/v2\/users\/3"}],"replies":[{"embeddable":true,"href":"https:\/\/www.oo.ljubljana.sviz.si\/index.php?rest_route=%2Fwp%2Fv2%2Fcomments&post=1260"}],"version-history":[{"count":7,"href":"https:\/\/www.oo.ljubljana.sviz.si\/index.php?rest_route=\/wp\/v2\/posts\/1260\/revisions"}],"predecessor-version":[{"id":1268,"href":"https:\/\/www.oo.ljubljana.sviz.si\/index.php?rest_route=\/wp\/v2\/posts\/1260\/revisions\/1268"}],"wp:attachment":[{"href":"https:\/\/www.oo.ljubljana.sviz.si\/index.php?rest_route=%2Fwp%2Fv2%2Fmedia&parent=1260"}],"wp:term":[{"taxonomy":"category","embeddable":true,"href":"https:\/\/www.oo.ljubljana.sviz.si\/index.php?rest_route=%2Fwp%2Fv2%2Fcategories&post=1260"},{"taxonomy":"post_tag","embeddable":true,"href":"https:\/\/www.oo.ljubljana.sviz.si\/index.php?rest_route=%2Fwp%2Fv2%2Ftags&post=1260"}],"curies":[{"name":"wp","href":"https:\/\/api.w.org\/{rel}","templated":true}]}}