{"id":1101,"date":"2015-09-02T12:46:26","date_gmt":"2015-09-02T11:46:26","guid":{"rendered":"http:\/\/www.oo.ljubljana.sviz.si\/?p=1101"},"modified":"2015-12-24T13:17:19","modified_gmt":"2015-12-24T12:17:19","slug":"o-b-v-e-s-t-i-l-a-obmocnega-odbora-sviz-ljubljane-in-okolice-september-2015","status":"publish","type":"post","link":"https:\/\/www.oo.ljubljana.sviz.si\/?p=1101","title":{"rendered":"O B V E S T I L A OBMO\u010cNEGA ODBORA SVIZ LJUBLJANE IN OKOLICE \u2013 september 2015"},"content":{"rendered":"<p>Z novim \u0161olskim letom pri\u010denjamo tudi s sindikalnimi aktivnostmi na na\u0161em obmo\u010dnem odboru. V\u00a0 jesenskih\u00a0 mesecih na\u010drtujemo naslednje sindikalne aktivnosti:<\/p>\n<p>&nbsp;<\/p>\n<div>\n<p><b>POSVET ZA SINDIKALNE ZAUPNIKE Z BRANIMIRJEM \u0160TRUKLJOM, GLAVNIM TAJNIKOM SVIZ Slovenije<\/b><\/p>\n<\/div>\n<p>Aktualne informacije na podro\u010dju sindikalnega delovanja v vseh dejavnostih na\u0161ega sindikata, kaj lahko pri\u010dakujemo na pogajanjih na podro\u010dju pla\u010d za leti 2016 in 2017 ter druge novosti nam bo predstavil Branimir \u0160trukelj, glavni tajnik SVIZ Slovenije. Na posvetu, ki bo predvidoma <strong>7. oktobra 2015 v dvorani Centra za kulturo \u0160panski borci<\/strong>, boste lahko postavili vpra\u0161anja in predloge \u010dlanstva ter dobili pojasnila v zvezi s sindikalnim delovanjem na ravni zavoda, obmo\u010dja in sindikalnih konferenc.<\/p>\n<p>&nbsp;<\/p>\n<div>\n<p><b>RAZPIS SUBVENCIJ ZA PRIDOBITEV USTREZNE IZOBRAZBE V \u0160TUDIJSKEM LETU 2015\/16<\/b><\/p>\n<\/div>\n<p>Razpis subvencij za pridobitev ustrezne izobrazbe, ki je hkrati pogoj za ohranitev delovnega mesta za \u010dlane SVIZ, je objavljen v obvestilih GO SVIZ 24. junija 2015. Vi\u0161ina subvencije<b> <\/b>zna\u0161a 500 \u20ac. Prosimo vas, da \u010dlane SVIZ pravo\u010dasno obvestite o pogojih in rokih prijave na razpis, ki so dostopni na spletni strani <a href=\"http:\/\/www.sviz.si\">www.sviz.si<\/a> pod rubriko Predpisi. Pripravljeni obrazec <i>Vloga za subvencioniranje izobra\u017eevanja za pridobitev ustrezne izobrazbe \u010dlanicam in \u010dlanom SVIZ Slovenije<\/i> je v elektronski obliki (novost v leto\u0161njem letu!) in ga je potrebno izpolniti ter skladno s Pravili o subvencioniranju izobra\u017eevanja za pridobitev ustrezne izobrazbe \u010dlanicam in \u010dlanom SVIZ Slovenije natisniti in poslati na naslov sede\u017ea sindikata (Ora\u017enova ulica 3, p. p. 196, 1102 Ljubljana) <b><span style=\"text-decoration: underline;\">\u00a0do 12. oktobra 2015. <\/span><\/b>O vlogah bo odlo\u010dala komisija, ki jo je imenoval GO SVIZ Slovenije. Nepopolnih vlog komisija ne bo obravnavala.<\/p>\n<p>&#8211; <a href=\"https:\/\/www.oo.ljubljana.sviz.si\/wpfolder\/wp-content\/uploads\/2015\/09\/navodila2015.pdf\">navodila &#8220;Vloga za subvencijo&#8221;<\/a><\/p>\n<p>&nbsp;<\/p>\n<div>\n<p><b>RAZPIS ZA LETOVANJE V PO\u010cITNI\u0160KIH STANOVANJIH SVIZ<\/b><\/p>\n<\/div>\n<p>Razpis o letovanju med <b>jesenskimi, bo\u017ei\u010dnimi, zimskimi<\/b> in <b>prvomajskimi po\u010ditnicami <\/b>v \u0161olskem letu 2015\/2016<b>. <\/b>Prijave zbiramo <b>do 21. septembra 2015. <\/b>Obrazci z navodili so prilo\u017eeni.<\/p>\n<p>&#8211;<a href=\"https:\/\/www.oo.ljubljana.sviz.si\/wpfolder\/wp-content\/uploads\/2015\/09\/PRIJAVNICA-ostalo-2015-16.doc\"> PRIJAVNICA<\/a><\/p>\n<p>&#8211; <a href=\"https:\/\/www.oo.ljubljana.sviz.si\/wpfolder\/wp-content\/uploads\/2015\/09\/TERMINI-ostalo-2015-16.doc\">RAZDELILNIK enotedenski termini<\/a><\/p>\n<p>&#8211; <a href=\"https:\/\/www.oo.ljubljana.sviz.si\/wpfolder\/wp-content\/uploads\/2015\/09\/navodila-ostalo-2015-16.doc\">NAVODILA uporabnikom po\u010ditni\u0161kih stanovanj<\/a><\/p>\n<p>&nbsp;<\/p>\n<div>\n<p><b>\u0160PORTNE AKTIVNOSTI<\/b><\/p>\n<\/div>\n<p>\u017de tradicionalno smo tudi letos organizirali skupinsko prijavo in sofinanciranje startnine za udele\u017ebo na\u0161ih \u010dlanov na Ljubljanskem maratonu, ki bo 25. oktobra 2015. Do roka za skupinske prijave (6.8.2015) se je prijavilo in pla\u010dalo del startnine 318 \u010dlanov SVIZ.<\/p>\n<p>\u010clani OO se bomo udele\u017eili tudi SVIZ-ovih \u0161portnih iger, ki bodo 3. oktobra v Mariboru. Pred prijave smo zbirali v juniju, izbor ekip in navija\u010dev je \u017ee pripravljen, razen \u0161ahovske ekipe.<\/p>\n<p>&nbsp;<\/p>\n<div>\n<p><b>KULTURNI DOGODKI<\/b><\/p>\n<\/div>\n<p>Konec avgusta smo \u017ee tradicionalno obiskali operni predstavi na prostem v Veroni in ob Ne\u017eiderskem jezeru. Tokrat smo imeli sre\u010do z vremenom in udele\u017eenci so do\u017eiveli lep kulturni ve\u010der ter predlagali, da tudi v naslednjem letu nadaljujemo z obiskom predstav na prostem v tujini.<\/p>\n<p>&nbsp;<\/p>\n<div>\n<p><b>ZBIRANJE PODPISOV ZA PODPORO SPREMEMBI DEFINICIJE MINIMALNE PLA\u010cE<\/b><\/p>\n<\/div>\n<p>V izrednih obvestilih GO SVIZ ste prejeli poziv za podporo spremembi definicije minimalne pla\u010de, ki ga skupno organizirajo vse sindikalne centrale. Podpisi se zbirajo pred upravnimi enotami in krajevnimi uradi od 1. septembra do predvidoma 8. septembra oz. dokler ne bo zbranih potrebnih 5000 podpisov. Tudi v Ljubljani ima na\u0161 sindikat stojnico pred upravno enoto v Toba\u010dni. Prosimo, da v \u010dimve\u010djem \u0161tevilu prispevate podpise v skladu z navodili, ki ste jih prejeli.<\/p>\n<p>&nbsp;<\/p>\n<p>Prepri\u010dani smo, da poleg novic in obvestil na spletni strani GO SVIZ redno spremljate tudi obvestila na spletni strani OO SVIZ Ljubljane in okolice, ki bodo z mesecem septembrom spet pogostej\u0161a.<\/p>\n<p>Na\u010drtujemo pestro ponudbo aktivnosti ob leto\u0161njem svetovnem dnevu u\u010diteljev 5. oktobra, o katerih vas bomo pravo\u010dasno obvestili. \u017delimo vam uspe\u0161no novo \u0161olsko leto.<\/p>\n","protected":false},"excerpt":{"rendered":"<p>Z novim \u0161olskim letom pri\u010denjamo tudi s sindikalnimi aktivnostmi na na\u0161em obmo\u010dnem odboru. V\u00a0 jesenskih\u00a0 mesecih na\u010drtujemo naslednje sindikalne aktivnosti: &nbsp; POSVET ZA SINDIKALNE ZAUPNIKE Z BRANIMIRJEM \u0160TRUKLJOM, GLAVNIM TAJNIKOM SVIZ Slovenije Aktualne informacije na podro\u010dju sindikalnega delovanja v vseh dejavnostih na\u0161ega sindikata, kaj lahko pri\u010dakujemo na pogajanjih na podro\u010dju pla\u010d za leti 2016 in &hellip; <\/p>\n<p><a class=\"more-link btn\" href=\"https:\/\/www.oo.ljubljana.sviz.si\/?p=1101\">Continue reading<\/a><\/p>\n","protected":false},"author":3,"featured_media":0,"comment_status":"open","ping_status":"open","sticky":false,"template":"","format":"standard","meta":{"footnotes":""},"categories":[7],"tags":[24],"class_list":["post-1101","post","type-post","status-publish","format-standard","hentry","category-izpostavljeno","tag-obvestila-oo-lj","item-wrap"],"aioseo_notices":[],"_links":{"self":[{"href":"https:\/\/www.oo.ljubljana.sviz.si\/index.php?rest_route=\/wp\/v2\/posts\/1101","targetHints":{"allow":["GET"]}}],"collection":[{"href":"https:\/\/www.oo.ljubljana.sviz.si\/index.php?rest_route=\/wp\/v2\/posts"}],"about":[{"href":"https:\/\/www.oo.ljubljana.sviz.si\/index.php?rest_route=\/wp\/v2\/types\/post"}],"author":[{"embeddable":true,"href":"https:\/\/www.oo.ljubljana.sviz.si\/index.php?rest_route=\/wp\/v2\/users\/3"}],"replies":[{"embeddable":true,"href":"https:\/\/www.oo.ljubljana.sviz.si\/index.php?rest_route=%2Fwp%2Fv2%2Fcomments&post=1101"}],"version-history":[{"count":10,"href":"https:\/\/www.oo.ljubljana.sviz.si\/index.php?rest_route=\/wp\/v2\/posts\/1101\/revisions"}],"predecessor-version":[{"id":1117,"href":"https:\/\/www.oo.ljubljana.sviz.si\/index.php?rest_route=\/wp\/v2\/posts\/1101\/revisions\/1117"}],"wp:attachment":[{"href":"https:\/\/www.oo.ljubljana.sviz.si\/index.php?rest_route=%2Fwp%2Fv2%2Fmedia&parent=1101"}],"wp:term":[{"taxonomy":"category","embeddable":true,"href":"https:\/\/www.oo.ljubljana.sviz.si\/index.php?rest_route=%2Fwp%2Fv2%2Fcategories&post=1101"},{"taxonomy":"post_tag","embeddable":true,"href":"https:\/\/www.oo.ljubljana.sviz.si\/index.php?rest_route=%2Fwp%2Fv2%2Ftags&post=1101"}],"curies":[{"name":"wp","href":"https:\/\/api.w.org\/{rel}","templated":true}]}}